{"headers": {"id": "ID", "ano": "Ano", "numero": "N\u00famero", "tipo__sigla": "Tipo da Norma Jur\u00eddica/Sigla", "tipo__descricao": "Tipo da Norma Jur\u00eddica/Descri\u00e7\u00e3o", "texto_integral": "Texto Original", "ementa": "Ementa"}, "results": [{"id": "4515", "ano": "2026", "numero": "79", "tipo__sigla": "RES", "tipo__descricao": "Resolu\u00e7\u00e3o", "texto_integral": "http://sapl.primaveradoleste.mt.leg.br/media/sapl/public/normajuridica/2026/4515/resolucao_079.2026.pdf", "ementa": "Altera o art. 98 do Regimento Interno da C\u00e2mara Municipal de Primavera do Leste, Estado de Mato Grosso, transformando o Par\u00e1grafo \u00danico em \u00a71\u00b0 e acrescentando o \u00a72\u00b0, para dispor sobre a validade das Indica\u00e7\u00f5es apresentadas pelos Vereadores."}, {"id": "4490", "ano": "2026", "numero": "78", "tipo__sigla": "RES", "tipo__descricao": "Resolu\u00e7\u00e3o", "texto_integral": "http://sapl.primaveradoleste.mt.leg.br/media/sapl/public/normajuridica/2026/4490/resolucao_no_078.2026.pdf", "ementa": "Disp\u00f5e sobre Plano de Contrata\u00e7\u00f5es Anual, de que trata o art. 12, VII e 18, da Lei n\u00ba 14.133, de 2021, no \u00e2mbito do Poder Legislativo de Primavera do Leste."}, {"id": "4439", "ano": "2025", "numero": "77", "tipo__sigla": "RES", "tipo__descricao": "Resolu\u00e7\u00e3o", "texto_integral": "http://sapl.primaveradoleste.mt.leg.br/media/sapl/public/normajuridica/2025/4439/resolucao_077.2025.pdf", "ementa": "Fica a C\u00e2mara Municipal de vereadores de Primavera do Leste - MT afiliada \u00e0 Uni\u00e3o dos Vereadores do Brasil - UVB, autoriza a contribui\u00e7\u00e3o e d\u00e1 outras provid\u00eancias."}, {"id": "4434", "ano": "2025", "numero": "76", "tipo__sigla": "RES", "tipo__descricao": "Resolu\u00e7\u00e3o", "texto_integral": "http://sapl.primaveradoleste.mt.leg.br/media/sapl/public/normajuridica/2025/4434/resolucao_076.2025.pdf", "ementa": "Disp\u00f5e sobre a altera\u00e7\u00e3o da Resolu\u00e7\u00e3o n\u00ba 36, de 05 de julho de 2021."}, {"id": "4411", "ano": "2025", "numero": "75", "tipo__sigla": "RES", "tipo__descricao": "Resolu\u00e7\u00e3o", "texto_integral": "http://sapl.primaveradoleste.mt.leg.br/media/sapl/public/normajuridica/2025/4411/resolucao_075.2025.pdf", "ementa": "Institui, no \u00e2mbito da C\u00e2mara Municipal de Primavera do Leste, a \"C\u00e2mara Municipal Night Run\" - Corrida Noturna da C\u00e2mara Municipal, e d\u00e1 outras provid\u00eancias."}, {"id": "4381", "ano": "2025", "numero": "74", "tipo__sigla": "RES", "tipo__descricao": "Resolu\u00e7\u00e3o", "texto_integral": "http://sapl.primaveradoleste.mt.leg.br/media/sapl/public/normajuridica/2025/4381/resolucao_074.2025.pdf", "ementa": "Altera o art. 19 do Regimento Interno da C\u00e2mara Municipal de Primavera do Leste, para dispor sobre a realiza\u00e7\u00e3o de elei\u00e7\u00e3o em caso de licen\u00e7a por tempo indeterminado de membro da Mesa Diretora."}, {"id": "4344", "ano": "2025", "numero": "73", "tipo__sigla": "RES", "tipo__descricao": "Resolu\u00e7\u00e3o", "texto_integral": "http://sapl.primaveradoleste.mt.leg.br/media/sapl/public/normajuridica/2025/4344/resolucao_no_073.2025.pdf", "ementa": "Altera dispositivos do Regimento Interno da C\u00e2mara Municipal de Primavera do Leste, para permitir a realiza\u00e7\u00e3o de sess\u00f5es ordin\u00e1rias, extraordin\u00e1rias fora da sede do Poder Legislativo, quando houver interesse p\u00fablico ou conveni\u00eancia."}, {"id": "4343", "ano": "2025", "numero": "72", "tipo__sigla": "RES", "tipo__descricao": "Resolu\u00e7\u00e3o", "texto_integral": "http://sapl.primaveradoleste.mt.leg.br/media/sapl/public/normajuridica/2025/4343/resolucao_no_072.2025.pdf", "ementa": "Institui a Escola do Legislativo da C\u00e2mara Municipal de Primavera do MT, estabelece suas finalidades, compet\u00eancias e estrutura organizacional e d\u00e1 outras provid\u00eancias."}, {"id": "4210", "ano": "2025", "numero": "71", "tipo__sigla": "RES", "tipo__descricao": "Resolu\u00e7\u00e3o", "texto_integral": "http://sapl.primaveradoleste.mt.leg.br/media/sapl/public/normajuridica/2025/4210/resolucao_071_de_2025.pdf", "ementa": "Regulamenta o Anexo I da Resolu\u00e7\u00e3o 60 de 2023, que institui e regulamenta o uso de uniformes nas depend\u00eancias da C\u00e2mara Municipal de Primavera do Leste-MT, e d\u00e1 outras provid\u00eancias."}, {"id": "4157", "ano": "2025", "numero": "70", "tipo__sigla": "RES", "tipo__descricao": "Resolu\u00e7\u00e3o", "texto_integral": "http://sapl.primaveradoleste.mt.leg.br/media/sapl/public/normajuridica/2025/4157/resolucao_70_-_2025_-dispoe_sobre_a_criacao_da_procuradoria_da_mulher._assinado.pdf", "ementa": "Disp\u00f5e sobre a cria\u00e7\u00e3o da Procuradoria da Mulher no \u00e2mbito da C\u00e2mara Municipal de Primavera do Leste-MT e d\u00e1 outras provid\u00eancias."}, {"id": "4093", "ano": "2025", "numero": "69", "tipo__sigla": "RES", "tipo__descricao": "Resolu\u00e7\u00e3o", "texto_integral": "http://sapl.primaveradoleste.mt.leg.br/media/sapl/public/normajuridica/2025/4093/resolucao_no_069_de_2025.pdf", "ementa": "Disp\u00f5e sobre a autoriza\u00e7\u00e3o para doa\u00e7\u00e3o de motonetas pertencentes \u00e0 C\u00e2mara Municipal de Primavera do Leste, conforme espec\u00edfica."}, {"id": "4014", "ano": "2024", "numero": "68", "tipo__sigla": "RES", "tipo__descricao": "Resolu\u00e7\u00e3o", "texto_integral": "http://sapl.primaveradoleste.mt.leg.br/media/sapl/public/normajuridica/2024/4014/resolucao_no_68_de_2024.pdf", "ementa": "Altera o Regimento Interno da C\u00e2mara Municipal para dispor sobre a participa\u00e7\u00e3o remota de vereador por videoconfer\u00eancia."}, {"id": "4013", "ano": "2024", "numero": "67", "tipo__sigla": "RES", "tipo__descricao": "Resolu\u00e7\u00e3o", "texto_integral": "http://sapl.primaveradoleste.mt.leg.br/media/sapl/public/normajuridica/2024/4013/resolucao_067_de_2024.pdf", "ementa": "Acrescenta Par\u00e1grafo \u00fanico ao Art. 4\u00ba da Resolu\u00e7\u00e3o n\u00ba 25, de 19 de outubro de 2015 da C\u00e2mara Municipal de Primavera do Leste-MT."}, {"id": "3857", "ano": "2024", "numero": "66", "tipo__sigla": "RES", "tipo__descricao": "Resolu\u00e7\u00e3o", "texto_integral": "http://sapl.primaveradoleste.mt.leg.br/media/sapl/public/normajuridica/2024/3857/resolucao_no_066_de_2024.pdf", "ementa": "Altera, acrescenta e revoga artigos da Resolu\u00e7\u00e3o n\u00ba 03, de 18 de junho de 2009 - Regimento Interno da C\u00e2mara Municipal de Primavera do Leste - MT."}, {"id": "3729", "ano": "2024", "numero": "65", "tipo__sigla": "RES", "tipo__descricao": "Resolu\u00e7\u00e3o", "texto_integral": "http://sapl.primaveradoleste.mt.leg.br/media/sapl/public/normajuridica/2024/3729/resolucao_no_65_de_2024.pdf", "ementa": "Altera e da nova reda\u00e7\u00e3o ao Artigo 194, da Resolu\u00e7\u00e3o n\u00ba 03, de 18 de junho de 2009 - Regimento Interno da C\u00e2mara Municipal de Primavera do Leste - MT."}, {"id": "3687", "ano": "2024", "numero": "64", "tipo__sigla": "RES", "tipo__descricao": "Resolu\u00e7\u00e3o", "texto_integral": "http://sapl.primaveradoleste.mt.leg.br/media/sapl/public/normajuridica/2024/3687/resolucao_no_064_de_2024.pdf", "ementa": "Altera as Resolu\u00e7\u00f5es ns\u00b0 42/2023 e 045/2023, e d\u00e1 outras provid\u00eancias."}, {"id": "3686", "ano": "2024", "numero": "63", "tipo__sigla": "RES", "tipo__descricao": "Resolu\u00e7\u00e3o", "texto_integral": "http://sapl.primaveradoleste.mt.leg.br/media/sapl/public/normajuridica/2024/3686/resolucao_no_063_de_2024.pdf", "ementa": "Disp\u00f5e sobre o procedimento para pequenas compras e presta\u00e7\u00e3o de servi\u00e7os de pronto pagamento pela Lei Federal n\u00ba 14.133/2021, no \u00e2mbito da C\u00e2mara de Vereadores de Primavera do Leste-MT."}, {"id": "3737", "ano": "2023", "numero": "62", "tipo__sigla": "RES", "tipo__descricao": "Resolu\u00e7\u00e3o", "texto_integral": "http://sapl.primaveradoleste.mt.leg.br/media/sapl/public/normajuridica/2023/3737/resolucao_062_de_20232.pdf", "ementa": "Disp\u00f5e sobre a altera\u00e7\u00e3o da Resolu\u00e7\u00e3o n\u00b0 046/2023, criando atribui\u00e7\u00f5es dos novos cargos da C\u00e2mara Municipal de Primavera do Leste - MT."}, {"id": "3622", "ano": "2023", "numero": "61", "tipo__sigla": "RES", "tipo__descricao": "Resolu\u00e7\u00e3o", "texto_integral": "http://sapl.primaveradoleste.mt.leg.br/media/sapl/public/normajuridica/2023/3622/resolucao_61_de_2023.pdf", "ementa": "Regulamenta, em face do art. 191 da Lei N\u00ba 14.133, de 2021, o regime de transi\u00e7\u00e3o entre as Leis n\u00fameros 8.666, de 1993, 10.520, de 2002 e 12.462, de 2011 no \u00e2mbito do Poder Legislativo de Primavera do Leste e d\u00e1 outas provid\u00eancias."}, {"id": "3590", "ano": "2023", "numero": "60", "tipo__sigla": "RES", "tipo__descricao": "Resolu\u00e7\u00e3o", "texto_integral": "http://sapl.primaveradoleste.mt.leg.br/media/sapl/public/normajuridica/2023/3590/resolucao_60_de_2023.pdf", "ementa": "Institui e regulamenta o uso de uniformes nas depend\u00eancias da C\u00e2mara Municipal de Primavera do Leste-MT e d\u00e1 outras provid\u00eancias."}, {"id": "3539", "ano": "2023", "numero": "48", "tipo__sigla": "RES", "tipo__descricao": "Resolu\u00e7\u00e3o", "texto_integral": "http://sapl.primaveradoleste.mt.leg.br/media/sapl/public/normajuridica/2023/3539/resolucao_048_assinado.pdf", "ementa": "Regulamenta os arts. 82 a 86 da Lei no 14.133, de 2021, para dispor sobre o procedimento auxiliar do Sistema de Registro de Pre\u00e7os, para a contrata\u00e7\u00e3o de bens e servi\u00e7os, inclusive de obras e servi\u00e7os de engenharia, no \u00e2mbito do Poder Legislativo de Primavera do Leste e d\u00e1 outras provid\u00eancias."}, {"id": "3552", "ano": "2023", "numero": "59", "tipo__sigla": "RES", "tipo__descricao": "Resolu\u00e7\u00e3o", "texto_integral": "http://sapl.primaveradoleste.mt.leg.br/media/sapl/public/normajuridica/2023/3552/resolucao_059_assinado.pdf", "ementa": "Regulamenta o art. 137, \u00a7 1\u00ba, da Lei Federal no 14.133, de 2021, e disp\u00f5e sobre os procedimentos e crit\u00e9rios para a verifica\u00e7\u00e3o da ocorr\u00eancia dos motivos para extin\u00e7\u00e3o do contrato previstos, no \u00e2mbito do Poder Legislativo de Primavera do Leste e d\u00e1 outras provid\u00eancias."}, {"id": "3551", "ano": "2023", "numero": "58", "tipo__sigla": "RES", "tipo__descricao": "Resolu\u00e7\u00e3o", "texto_integral": "http://sapl.primaveradoleste.mt.leg.br/media/sapl/public/normajuridica/2023/3551/resolucao_058_assinado.pdf", "ementa": "Disp\u00f5e sobre a penalidade de multa administrativa e/ou indeniza\u00e7\u00f5es, previstas na Lei no 14.133, de 1\u00ba de abril de 2021, n\u00e3o inscritas em d\u00edvida ativa, no \u00e2mbito do Poder Legislativo de Primavera do Leste."}, {"id": "3550", "ano": "2023", "numero": "57", "tipo__sigla": "RES", "tipo__descricao": "Resolu\u00e7\u00e3o", "texto_integral": "http://sapl.primaveradoleste.mt.leg.br/media/sapl/public/normajuridica/2023/3550/resolucao_057_assinado.pdf", "ementa": "Disp\u00f5e sobre Plano de Contrata\u00e7\u00f5es Anual, de que trata o arts. 12, VII e 18, da Lei no 14.133, de 2021, no \u00e2mbito do Poder Legislativo de Primavera do Leste."}, {"id": "3549", "ano": "2023", "numero": "56", "tipo__sigla": "RES", "tipo__descricao": "Resolu\u00e7\u00e3o", "texto_integral": "http://sapl.primaveradoleste.mt.leg.br/media/sapl/public/normajuridica/2023/3549/resolucao_056_assinado.pdf", "ementa": "Disp\u00f5e sobre o percentual m\u00ednimo da m\u00e3o de obra respons\u00e1vel pela execu\u00e7\u00e3o do objeto da contrata\u00e7\u00e3o de que trata o art. 25, \u00a7 9o, da Lei Federal no 14.133, de 2021, no \u00e2mbito do Poder Legislativo de Primavera do Leste e d\u00e1 outras provid\u00eancias."}, {"id": "3548", "ano": "2023", "numero": "55", "tipo__sigla": "RES", "tipo__descricao": "Resolu\u00e7\u00e3o", "texto_integral": "http://sapl.primaveradoleste.mt.leg.br/media/sapl/public/normajuridica/2023/3548/resolucao_055_assinado.pdf", "ementa": "Disp\u00f5e sobre o Recebimento Provis\u00f3rio e Definitivo de que trata os artigos 73 a 76 da Lei Federal no 8.666, de 1993, e do artigo 140 da Lei Federal no 14.133, de 2021, no \u00e2mbito Do Poder Legislativo de Primavera do Leste e d\u00e1 outras provid\u00eancias."}, {"id": "3547", "ano": "2023", "numero": "54", "tipo__sigla": "RES", "tipo__descricao": "Resolu\u00e7\u00e3o", "texto_integral": "http://sapl.primaveradoleste.mt.leg.br/media/sapl/public/normajuridica/2023/3547/resolucao_054_assinado.pdf", "ementa": "Regulamenta, em face do art. 191 da Lei no 14.133, de 2021, o regime de transi\u00e7\u00e3o entre as Leis n\u00fameros 8.666, de 1993, 10.520, de 2002 e 12.462, de 2011 no \u00e2mbito do Poder Legislativo de Primavera do Leste e d\u00e1 outras provid\u00eancias."}, {"id": "3546", "ano": "2023", "numero": "53", "tipo__sigla": "RES", "tipo__descricao": "Resolu\u00e7\u00e3o", "texto_integral": "http://sapl.primaveradoleste.mt.leg.br/media/sapl/public/normajuridica/2023/3546/resolucao_053_assinado.pdf", "ementa": "Estabelece procedimentos para a participa\u00e7\u00e3o de pessoa f\u00edsica nas licita\u00e7\u00f5es e contrata\u00e7\u00f5es p\u00fablicas de que trata a Lei no 14.133, de 2021, no \u00e2mbito do Poder Legislativo Municipal de Primavera do Leste e d\u00e1 outras provid\u00eancias."}, {"id": "3545", "ano": "2023", "numero": "52", "tipo__sigla": "RES", "tipo__descricao": "Resolu\u00e7\u00e3o", "texto_integral": "http://sapl.primaveradoleste.mt.leg.br/media/sapl/public/normajuridica/2023/3545/resolucao_052_assinado_1.pdf", "ementa": "Disp\u00f5e sobre os pagamentos a serem efetivados nas contrata\u00e7\u00f5es firmadas pelo Poder Legislativo de Primavera do Leste com fundamento na Lei Federal no 14.133, de 2021, e d\u00e1 outras provid\u00eancias."}, {"id": "3544", "ano": "2023", "numero": "51", "tipo__sigla": "RES", "tipo__descricao": "Resolu\u00e7\u00e3o", "texto_integral": "http://sapl.primaveradoleste.mt.leg.br/media/sapl/public/normajuridica/2023/3544/resolucao_051_assinado_1.pdf", "ementa": "Disp\u00f5e sobre a Prote\u00e7\u00e3o de Dados Pessoais nas Contrata\u00e7\u00f5es P\u00fablicas de que trata a Lei Federal no 13.709, de 14 de agosto de 2018, no \u00e2mbito do Poder Legislativo de Primavera do Leste e d\u00e1 outras provid\u00eancias."}, {"id": "3543", "ano": "2023", "numero": "50", "tipo__sigla": "RES", "tipo__descricao": "Resolu\u00e7\u00e3o", "texto_integral": "http://sapl.primaveradoleste.mt.leg.br/media/sapl/public/normajuridica/2023/3543/resolucao_050_assinado_1.pdf", "ementa": "Disp\u00f5e sobre a liquida\u00e7\u00e3o de despesas e regulamenta o art. 146 da Lei Federal no 14.133/2021, no \u00e2mbito do Poder Legislativo de Primavera do Leste e d\u00e1 outras provid\u00eancias."}, {"id": "3542", "ano": "2023", "numero": "49", "tipo__sigla": "RES", "tipo__descricao": "Resolu\u00e7\u00e3o", "texto_integral": "http://sapl.primaveradoleste.mt.leg.br/media/sapl/public/normajuridica/2023/3542/resolucao_049_assinado_1.pdf", "ementa": "Disp\u00f5e sobre a elabora\u00e7\u00e3o dos Estudos T\u00e9cnicos Preliminares - ETP, para a aquisi\u00e7\u00e3o de bens e a contrata\u00e7\u00e3o de servi\u00e7os e obras no \u00e2mbito Poder Legislativo de Primavera do Leste e d\u00e1 outras provid\u00eancias."}, {"id": "3453", "ano": "2023", "numero": "47", "tipo__sigla": "RES", "tipo__descricao": "Resolu\u00e7\u00e3o", "texto_integral": "http://sapl.primaveradoleste.mt.leg.br/media/sapl/public/normajuridica/2023/3453/resolucao_047_assinado.pdf", "ementa": "Regulamenta procedimentos auxiliares previstos Lei Federal n\u00ba 14.133, de 2021, no \u00e2mbito do Poder Legislativo de Primavera do Leste e d\u00e1 outras provid\u00eancias."}, {"id": "3415", "ano": "2023", "numero": "46", "tipo__sigla": "RES", "tipo__descricao": "Resolu\u00e7\u00e3o", "texto_integral": "http://sapl.primaveradoleste.mt.leg.br/media/sapl/public/normajuridica/2023/3415/resolucao_no_046_de_2023.pdf", "ementa": "Disp\u00f5e sobre a altera\u00e7\u00e3o da Resolu\u00e7\u00e3o n\u00b0 010/2011, reestrutura e organiza a administra\u00e7\u00e3o da C\u00e2mara Municipal de Primavera do Leste - MT em \u00f3rg\u00e3os de dire\u00e7\u00e3o, de assessoria, de controle, e coordena\u00e7\u00e3o conforme suas atribui\u00e7\u00f5es."}, {"id": "3431", "ano": "2023", "numero": "45", "tipo__sigla": "RES", "tipo__descricao": "Resolu\u00e7\u00e3o", "texto_integral": "http://sapl.primaveradoleste.mt.leg.br/media/sapl/public/normajuridica/2023/3431/resolucao_no_045_de_2023.pdf", "ementa": "Disp\u00f5e sobre a contrata\u00e7\u00e3o direta por dispensa de licita\u00e7\u00e3o de que trata a Lei Federal n- 14.133, de 2021, institui os sistemas de dispensas eletr\u00f4nica e especial no \u00e2mbito do Poder Legislativo de Primavera do Leste e d\u00e1 outras provid\u00eancias."}, {"id": "3430", "ano": "2023", "numero": "44", "tipo__sigla": "RES", "tipo__descricao": "Resolu\u00e7\u00e3o", "texto_integral": "http://sapl.primaveradoleste.mt.leg.br/media/sapl/public/normajuridica/2023/3430/resolucao_no_044_de_2023.pdf", "ementa": "Disp\u00f5e sobre a defini\u00e7\u00e3o do valor m\u00e1ximo da contrata\u00e7\u00e3o para a aquisi\u00e7\u00e3o de bens, contrata\u00e7\u00e3o de servi\u00e7os em geral, para contrata\u00e7\u00e3o de obras e servi\u00e7os de engenharia a serem contratados com fundamento na Lei Federal 14.133/2021, no \u00e2mbito do Poder Legislativo de Primavera do Leste - MT."}, {"id": "3429", "ano": "2023", "numero": "43", "tipo__sigla": "RES", "tipo__descricao": "Resolu\u00e7\u00e3o", "texto_integral": "http://sapl.primaveradoleste.mt.leg.br/media/sapl/public/normajuridica/2023/3429/resolucao_no_043_de_2023.pdf", "ementa": "Disp\u00f5e sobre qualifica\u00e7\u00e3o atestada por certifica\u00e7\u00e3o profissional emitida por escola de governo criada e mantida pelo poder p\u00fablico de que trata o Inciso II do Artigo 7\u00ba da Lei Federal 14.133/2021, no \u00e2mbito do Poder Legislativo de Primavera do Leste-MT."}, {"id": "3428", "ano": "2023", "numero": "42", "tipo__sigla": "RES", "tipo__descricao": "Resolu\u00e7\u00e3o", "texto_integral": "http://sapl.primaveradoleste.mt.leg.br/media/sapl/public/normajuridica/2023/3428/resolucao_no_042_de_2023.pdf", "ementa": "Regulamenta o que imp\u00f5e o Paragrafo 3\u00ba do Artigo 8\u00ba da Lei Federal 14.133/2021."}, {"id": "3427", "ano": "2023", "numero": "41", "tipo__sigla": "RES", "tipo__descricao": "Resolu\u00e7\u00e3o", "texto_integral": "http://sapl.primaveradoleste.mt.leg.br/media/sapl/public/normajuridica/2023/3427/resolucao_no_041_de_2023.pdf", "ementa": "Regulamenta o disposto no Artigo 20 da  Lei Federal 14.133/2021."}, {"id": "3426", "ano": "2023", "numero": "40", "tipo__sigla": "RES", "tipo__descricao": "Resolu\u00e7\u00e3o", "texto_integral": "http://sapl.primaveradoleste.mt.leg.br/media/sapl/public/normajuridica/2023/3426/resolucao_no._040_de_2023_ok.pdf", "ementa": "Regulamenta o disposto no Artigo 20 da  Lei Federal 14.133/2021."}, {"id": "3040", "ano": "2022", "numero": "39", "tipo__sigla": "RES", "tipo__descricao": "Resolu\u00e7\u00e3o", "texto_integral": "http://sapl.primaveradoleste.mt.leg.br/media/sapl/public/normajuridica/2022/3040/resolucao_039_de_18_de_abril_de_2022.pdf", "ementa": "Disp\u00f5e sobre a altera\u00e7\u00e3o da Resolu\u00e7\u00e3o n\u00b0 36, de 05 de julho de 2021."}, {"id": "3001", "ano": "2022", "numero": "38", "tipo__sigla": "RES", "tipo__descricao": "Resolu\u00e7\u00e3o", "texto_integral": "http://sapl.primaveradoleste.mt.leg.br/media/sapl/public/normajuridica/2022/3001/resolucao_038_de_07_de_fevereiro_de_2022.pdf", "ementa": "Altera e da nova reda\u00e7\u00e3o ao Artigo 123, Artigo 124 e seu \u00a72\u00b0, Artigo 125, Artigo 145 e seu \u00a72\u00b0, Artigo 149 e \u00a7\u00a71\u00b0 e 2\u00b0, Artigo 196 e revoga o par\u00e1grafo \u00fanico e Artigo 202, todos da Resolu\u00e7\u00e3o n\u00ba 03, de 18 de junho de 2009 - Regimento Interno da C\u00e2mara Municipal de Primavera do Leste - MT."}, {"id": "2945", "ano": "2021", "numero": "37", "tipo__sigla": "RES", "tipo__descricao": "Resolu\u00e7\u00e3o", "texto_integral": "http://sapl.primaveradoleste.mt.leg.br/media/sapl/public/normajuridica/2021/2945/resolucao_037_de_18_de_outubro_de_2021.pdf", "ementa": "Altera a reda\u00e7\u00e3o do caput do artigo 33, acresce o inciso VIII, Modifica o artigo 47 do Regimento Interno e Institui o C\u00f3digo de \u00c9tica e Decoro Parlamentar, e d\u00e1 outras provid\u00eancias."}, {"id": "2851", "ano": "2021", "numero": "36", "tipo__sigla": "RES", "tipo__descricao": "Resolu\u00e7\u00e3o", "texto_integral": "http://sapl.primaveradoleste.mt.leg.br/media/sapl/public/normajuridica/2021/2851/resolucao_036_de_05_de_julho_de_2021.pdf", "ementa": "Disp\u00f5e sobre a concess\u00e3o de di\u00e1rias aos Vereadores, Assessores e Servidores do Poder Legislativo e d\u00e1 outras provid\u00eancias."}, {"id": "2285", "ano": "2019", "numero": "35", "tipo__sigla": "RES", "tipo__descricao": "Resolu\u00e7\u00e3o", "texto_integral": "http://sapl.primaveradoleste.mt.leg.br/media/sapl/public/normajuridica/2019/2285/resolucao_035_2019.pdf", "ementa": "Disp\u00f5e sobre Revoga\u00e7\u00e3o das\r\nResolu\u00e7\u00f5es n\u00b0 019, de 28 de abril de 2014 e\r\nn\u00b0 022 de 17 de novembro de 2014 e da\r\noutras provid\u00eancias."}, {"id": "1980", "ano": "2019", "numero": "34", "tipo__sigla": "RES", "tipo__descricao": "Resolu\u00e7\u00e3o", "texto_integral": "http://sapl.primaveradoleste.mt.leg.br/media/sapl/public/normajuridica/2019/1980/resolucao-034-2019.pdf", "ementa": "Art. 1\u00b0 - A al\u00ednea \"a\" do \u00a71\u00b0 do artigo 43, da Resolu\u00e7\u00e3o n\u00b0 3, de\r\n18 de junho de 2009, passa a vigorar com a seguinte reda\u00e7\u00e3o:\r\n\r\na) apresentar nos meses de agosto a setembro, no\r\n\u00faltimo ano de cada legislatura, proposi\u00e7\u00e3o\r\nlegislativa fixando os subs\u00eddios dos Poderes\r\nExecutivo e Legislativo, sem preju\u00edzo da fixa\u00e7\u00e3o da\r\nverba de gabinete, de representa\u00e7\u00e3o ou\r\nindenizat\u00f3ria, do prefeito, vice-prefeito, vereadores,\r\nsecret\u00e1rios municipais e do presidente da c\u00e2mara,\r\nque poder\u00e1 ser proposta a qualquer tempo.\r\n\r\nArt. 2\u00b0 - Esta Resolu\u00e7\u00e3o entrar\u00e1 em vigor, na data de sua\r\npublica\u00e7\u00e3o, revogadas as disposi\u00e7\u00f5es em contr\u00e1rio."}, {"id": "1979", "ano": "2018", "numero": "33", "tipo__sigla": "RES", "tipo__descricao": "Resolu\u00e7\u00e3o", "texto_integral": "http://sapl.primaveradoleste.mt.leg.br/media/sapl/public/normajuridica/2018/1979/resolucao033-2018.pdf", "ementa": "Modifica a reda\u00e7\u00e3o do par\u00e1grafo 3\u00ba do artigo 67 do Regimento Interno e d\u00e1 outras provid\u00eancias."}, {"id": "1978", "ano": "2018", "numero": "32", "tipo__sigla": "RES", "tipo__descricao": "Resolu\u00e7\u00e3o", "texto_integral": "http://sapl.primaveradoleste.mt.leg.br/media/sapl/public/normajuridica/2018/1978/resolucao_32.pdf", "ementa": "Modifica a reda\u00e7\u00e3o do caput do artigo 33 do Regimento Interno, e acresce o inciso VII; e artigo 46-B, e\r\nd\u00e1 outras provid\u00eancias."}, {"id": "1987", "ano": "2017", "numero": "31", "tipo__sigla": "RES", "tipo__descricao": "Resolu\u00e7\u00e3o", "texto_integral": "http://sapl.primaveradoleste.mt.leg.br/media/sapl/public/normajuridica/2017/1987/resolucao-031-2017.pdf", "ementa": "Disp\u00f5e sobre a altera\u00e7\u00e3o da Resolu\u00e7\u00e3o 008 de 04 de mar\u00e7o de 2011, o qual trata do \"Projeto C\u00e2mara Mirim\" e d\u00e1 outras provid\u00eancias."}, {"id": "1988", "ano": "2017", "numero": "30", "tipo__sigla": "RES", "tipo__descricao": "Resolu\u00e7\u00e3o", "texto_integral": "http://sapl.primaveradoleste.mt.leg.br/media/sapl/public/normajuridica/2017/1988/resolucao-030-2017.pdf", "ementa": "Modifica a reda\u00e7\u00e3o dos dispositivos contidos no artigo 181 do Regimento Interno e d\u00e1 outras provid\u00eancias."}, {"id": "1989", "ano": "2017", "numero": "29", "tipo__sigla": "RES", "tipo__descricao": "Resolu\u00e7\u00e3o", "texto_integral": "http://sapl.primaveradoleste.mt.leg.br/media/sapl/public/normajuridica/2017/1989/resolucao-029-2017.pdf", "ementa": "Modifica a reda\u00e7\u00e3o do caput do artigo 33 do Regimento Interno, e acresce o inciso VI; e artigo 46-A, e d\u00e1 outras provid\u00eancias."}, {"id": "1991", "ano": "2016", "numero": "28", "tipo__sigla": "RES", "tipo__descricao": "Resolu\u00e7\u00e3o", "texto_integral": "http://sapl.primaveradoleste.mt.leg.br/media/sapl/public/normajuridica/2016/1991/resolucao-028-2016.pdf", "ementa": "Altera o artigo 1\u00ba, 2\u00ba, 4\u00ba, 5\u00ba, 6\u00ba, 7\u00ba e 8\u00ba da Resolu\u00e7\u00e3o n\u00ba 20, de 7 de julho de 2014 e d\u00e1 outras provid\u00eancias."}, {"id": "1990", "ano": "2016", "numero": "27", "tipo__sigla": "RES", "tipo__descricao": "Resolu\u00e7\u00e3o", "texto_integral": "http://sapl.primaveradoleste.mt.leg.br/media/sapl/public/normajuridica/2016/1990/resolucao-027-2016.pdf", "ementa": "Altera a reda\u00e7\u00e3o do anexo \u00fanico, da Resolu\u00e7\u00e3o n\u00ba 16, de 20 de maio de 2013 e d\u00e1 outras provid\u00eancias."}, {"id": "1992", "ano": "2015", "numero": "26", "tipo__sigla": "RES", "tipo__descricao": "Resolu\u00e7\u00e3o", "texto_integral": "http://sapl.primaveradoleste.mt.leg.br/media/sapl/public/normajuridica/2015/1992/resolucao-026-2015.pdf", "ementa": "Regula o acesso a informa\u00e7\u00f5es previsto no\r\ninciso XXXIII do art. 5\u00ba, inciso II do 4 3\u00ba\r\ndo art. 37 e no \u00a72\u00ba do art. 216 da\r\nConstitui\u00e7\u00e3o Federal, e d\u00e1 outras\r\nprovid\u00eancias."}, {"id": "1993", "ano": "2015", "numero": "25", "tipo__sigla": "RES", "tipo__descricao": "Resolu\u00e7\u00e3o", "texto_integral": "http://sapl.primaveradoleste.mt.leg.br/media/sapl/public/normajuridica/2015/1993/resolucao-025-2015.pdf", "ementa": "Regulamenta a Lei Municipal n\u00ba 1.457,\r\nde 9 de julho de 2014, que cria a\r\nOuvidoria do Poder Legislativo do\r\nMunic\u00edpio de Primavera do Leste."}, {"id": "2223", "ano": "2015", "numero": "23", "tipo__sigla": "RES", "tipo__descricao": "Resolu\u00e7\u00e3o", "texto_integral": "http://sapl.primaveradoleste.mt.leg.br/media/sapl/public/normajuridica/2015/2223/resolucao-023-2015.pdf", "ementa": "Altera dispositivos do Regimento Interno\r\nda C\u00e2mara Municipal e d\u00e1 outras\r\nprovid\u00eancias."}, {"id": "1994", "ano": "2015", "numero": "24", "tipo__sigla": "RES", "tipo__descricao": "Resolu\u00e7\u00e3o", "texto_integral": "http://sapl.primaveradoleste.mt.leg.br/media/sapl/public/normajuridica/2015/1994/resolucao-024-2015.pdf", "ementa": "Ementa: Altera a reda\u00e7\u00e3o do \u00a73\u00ba do art. 181, da\r\nResolu\u00e7\u00e3o 003 de 16 de junho de 2009 a qual\r\ndisp\u00f5e sobre o Regimento Interno da C\u00e2mara\r\nMunicipal de Primavera do Leste."}, {"id": "1995", "ano": "2014", "numero": "22", "tipo__sigla": "RES", "tipo__descricao": "Resolu\u00e7\u00e3o", "texto_integral": "http://sapl.primaveradoleste.mt.leg.br/media/sapl/public/normajuridica/2014/1995/resolucao-022-2014.pdf", "ementa": "Modifica a reda\u00e7\u00e3o do artigo 4\u00ba, e seguintes, da\r\nResolu\u00e7\u00e3o n\u00ba 19, de 28 de abril de 2014 e dar\r\noutras provid\u00eancias."}, {"id": "1996", "ano": "2014", "numero": "21", "tipo__sigla": "RES", "tipo__descricao": "Resolu\u00e7\u00e3o", "texto_integral": "http://sapl.primaveradoleste.mt.leg.br/media/sapl/public/normajuridica/2014/1996/resolucao-021-2014.pdf", "ementa": "ALTERA O ARTIGO 4\u00ba DA\r\nRESOLU\u00c7\u00c3O 001 DE 09 DE JANEIRO\r\nDE 2006."}, {"id": "1997", "ano": "2014", "numero": "20", "tipo__sigla": "RES", "tipo__descricao": "Resolu\u00e7\u00e3o", "texto_integral": "http://sapl.primaveradoleste.mt.leg.br/media/sapl/public/normajuridica/2014/1997/resolucao-020-2014.pdf", "ementa": "Disp\u00f5e sobre concess\u00e3o de di\u00e1rias \u00e0\r\nVereadores, Assessores e Servidores\r\ndo Poder Legislativo e d\u00e1 outras\r\nprovid\u00eancias."}, {"id": "1998", "ano": "2014", "numero": "19", "tipo__sigla": "RES", "tipo__descricao": "Resolu\u00e7\u00e3o", "texto_integral": "http://sapl.primaveradoleste.mt.leg.br/media/sapl/public/normajuridica/2014/1998/resolucao-019-2014.pdf", "ementa": "Disp\u00f5e sobre a cria\u00e7\u00e3o, instala\u00e7\u00e3o e\r\ndenomina\u00e7\u00e3o do espa\u00e7o \u201cSala da Mulher\u201d no\r\n\u00e2mbito da C\u00e2mara Municipal de Primavera do\r\nLeste Estado de Mato Grosso."}, {"id": "1999", "ano": "2014", "numero": "18", "tipo__sigla": "RES", "tipo__descricao": "Resolu\u00e7\u00e3o", "texto_integral": "http://sapl.primaveradoleste.mt.leg.br/media/sapl/public/normajuridica/2014/1999/resolucao-018-2014.pdf", "ementa": "Ementa: Altera a reda\u00e7\u00e3o do caput do art. 194\r\nda Resolu\u00e7\u00e3o 003 de 16 de junho de 2009 a\r\nqual disp\u00f5e sobre o Regimento Interno da\r\nC\u00e2mara Municipal de Primavera do Leste."}, {"id": "2222", "ano": "2013", "numero": "17", "tipo__sigla": "RES", "tipo__descricao": "Resolu\u00e7\u00e3o", "texto_integral": "http://sapl.primaveradoleste.mt.leg.br/media/sapl/public/normajuridica/2013/2222/resolucao-017-2013.pdf", "ementa": "INSTITUIR NAS SESS\u00d5ES\r\nLEGISLATIVAS A TRIBUNA\r\nSOCIAL PARTICIPATIVA DE\r\nPRIMAVERA DO LESTE - MT."}, {"id": "2000", "ano": "2013", "numero": "16", "tipo__sigla": "RES", "tipo__descricao": "Resolu\u00e7\u00e3o", "texto_integral": "http://sapl.primaveradoleste.mt.leg.br/media/sapl/public/normajuridica/2013/2000/resolucao-016-2013.pdf", "ementa": "Altera a reda\u00e7\u00e3o do inciso XXIV do art. 18, da\r\nResolu\u00e7\u00e3o n\u00ba 01, de 2010."}, {"id": "2001", "ano": "2013", "numero": "15", "tipo__sigla": "RES", "tipo__descricao": "Resolu\u00e7\u00e3o", "texto_integral": "http://sapl.primaveradoleste.mt.leg.br/media/sapl/public/normajuridica/2013/2001/resolucao-015-2013.pdf", "ementa": "Altera a reda\u00e7\u00e3o do artigo 181, do Regimento\r\nInterno e d\u00e1 outras provid\u00eancias."}, {"id": "2002", "ano": "2012", "numero": "14", "tipo__sigla": "RES", "tipo__descricao": "Resolu\u00e7\u00e3o", "texto_integral": "http://sapl.primaveradoleste.mt.leg.br/media/sapl/public/normajuridica/2012/2002/resolucao-014-2012.pdf", "ementa": "Ementa: Disp\u00f5e sobre a altera\u00e7\u00e3o do\r\ncaput do artigo 200 da Resolu\u00e7\u00e3o 003 de\r\n16 de junho de 2009 a qual disp\u00f5e sobre\r\no Regimento Interno da C\u00e2mara\r\nMunicipal."}, {"id": "2003", "ano": "2012", "numero": "13", "tipo__sigla": "RES", "tipo__descricao": "Resolu\u00e7\u00e3o", "texto_integral": "http://sapl.primaveradoleste.mt.leg.br/media/sapl/public/normajuridica/2012/2003/resolucao-013-2012.pdf", "ementa": "Disp\u00f5e sobre a altera\u00e7\u00e3o dos\r\nartigos 19, 26, 27, 28 e 30, da\r\nResolu\u00e7\u00e3o 003 de 16 de junho de 2009 a\r\nqual disp\u00f5e sobre o Regimento Interno\r\nda C\u00e2mara Municipal."}, {"id": "2224", "ano": "2012", "numero": "12", "tipo__sigla": "RES", "tipo__descricao": "Resolu\u00e7\u00e3o", "texto_integral": "http://sapl.primaveradoleste.mt.leg.br/media/sapl/public/normajuridica/2012/2224/resolucao-012-2012.pdf", "ementa": "\u201cAprova Instru\u00e7\u00f5es Normativas de Controle\r\nInterno da C\u00e2mara Municipal de Primavera do\r\nLeste - MT, e da outras provid\u00eancias.\u201d"}, {"id": "2005", "ano": "2012", "numero": "11", "tipo__sigla": "RES", "tipo__descricao": "Resolu\u00e7\u00e3o", "texto_integral": "http://sapl.primaveradoleste.mt.leg.br/media/sapl/public/normajuridica/2012/2005/resolucao-011-2012.pdf", "ementa": "\u201cDisp\u00f5e sobre a institui\u00e7\u00e3o de comiss\u00e3o\r\nInventariante para atender as normas patrimoniais\r\neditadas pela STN e exigidas pelo TCE/MT, e da\r\noutras provid\u00eancias.\u201d"}, {"id": "2006", "ano": "2011", "numero": "10", "tipo__sigla": "RES", "tipo__descricao": "Resolu\u00e7\u00e3o", "texto_integral": "http://sapl.primaveradoleste.mt.leg.br/media/sapl/public/normajuridica/2011/2006/resolucao-010-2011.pdf", "ementa": "Disp\u00f5e sobre a altera\u00e7\u00e3o da Resolu\u00e7\u00e3o n\u00ba\r\n001/2010. reestrutura seus t\u00edtulos e cap\u00edtulos.\r\norganiza a administra\u00e7\u00e3o da C\u00e2mara\r\nMunicipal de Primavera do Leste - MT em\r\n\u00f3rg\u00e3os de dire\u00e7\u00e3o. de assessoria de consultoria.\r\ncontrole e coordenadoria distintos\r\ncoordena\u00e7\u00e3o setorial conforme suas\r\natribui\u00e7\u00f5es."}, {"id": "2007", "ano": "2011", "numero": "9", "tipo__sigla": "RES", "tipo__descricao": "Resolu\u00e7\u00e3o", "texto_integral": "http://sapl.primaveradoleste.mt.leg.br/media/sapl/public/normajuridica/2011/2007/resolucao-009-2011.pdf", "ementa": "Disp\u00f5e sobre concess\u00e3o de di\u00e1rias \u00e0\r\nVereadores, Assessores e Servidores\r\ndo Poder Legislativo e d\u00e1 outras\r\nprovid\u00eancias,"}, {"id": "2008", "ano": "2011", "numero": "8", "tipo__sigla": "RES", "tipo__descricao": "Resolu\u00e7\u00e3o", "texto_integral": "http://sapl.primaveradoleste.mt.leg.br/media/sapl/public/normajuridica/2011/2008/resolucao-008-2011.pdf", "ementa": "DISP\u00d5E SOBRE A CRIA\u00c7\u00c3O, NO\r\n\u00c2MBITO DA C\u00c2MARA MUNICIPAL,\r\nDO \u201cPROJETO C\u00c2MARA MIRIM\u201d E\r\nD\u00c1 OUTRAS PROVID\u00caNCIAS."}, {"id": "2009", "ano": "2010", "numero": "7", "tipo__sigla": "RES", "tipo__descricao": "Resolu\u00e7\u00e3o", "texto_integral": "http://sapl.primaveradoleste.mt.leg.br/media/sapl/public/normajuridica/2010/2009/resolucao-007-2010.pdf", "ementa": "Disp\u00f5e sobre os procedimentos e fluxo de\r\nrotinas para requisi\u00e7\u00e3o de bens e servi\u00e7os pela\r\nC\u00e2mara Municipal de Primavera do Leste - MT."}, {"id": "2010", "ano": "2010", "numero": "6", "tipo__sigla": "RES", "tipo__descricao": "Resolu\u00e7\u00e3o", "texto_integral": "http://sapl.primaveradoleste.mt.leg.br/media/sapl/public/normajuridica/2010/2010/resolucao-006-2010.pdf", "ementa": "Disp\u00f5es sobre a Regulamenta\u00e7\u00e3o dos\r\nProcedimentos a serem adotados pelo Setor de\r\nRecursos Humanos na C\u00e2mara Municipal de\r\nPrimavera do Leste - MT."}, {"id": "2012", "ano": "2010", "numero": "5", "tipo__sigla": "RES", "tipo__descricao": "Resolu\u00e7\u00e3o", "texto_integral": "http://sapl.primaveradoleste.mt.leg.br/media/sapl/public/normajuridica/2010/2012/resolucao-005-2010.pdf", "ementa": "Disp\u00f5e sobre os procedimentos para\r\ntombamento, baixa, movimenta\u00e7\u00e3o e\r\nelabora\u00e7\u00e3o do Inventario F\u00edsico & Financeiro de\r\nBens M\u00f3veis e Im\u00f3veis da C\u00e2mara Municipal\r\nde Primavera do Leste - MT."}, {"id": "2013", "ano": "2010", "numero": "4", "tipo__sigla": "RES", "tipo__descricao": "Resolu\u00e7\u00e3o", "texto_integral": "http://sapl.primaveradoleste.mt.leg.br/media/sapl/public/normajuridica/2010/2013/resolucao-004-2010.pdf", "ementa": "Disp\u00f5e sobre os procedimentos de controle e\r\nmanuten\u00e7\u00e3o da frota de ve\u00edculos da C\u00e2mara\r\nMunicipal de Primavera do Leste - MT."}, {"id": "2014", "ano": "2010", "numero": "3", "tipo__sigla": "RES", "tipo__descricao": "Resolu\u00e7\u00e3o", "texto_integral": "http://sapl.primaveradoleste.mt.leg.br/media/sapl/public/normajuridica/2010/2014/resolucao-003-2010.pdf", "ementa": "Aprova o Relat\u00f3rio n\u00ba 01/2010-CPI,\r\nda Comiss\u00e3o Parlamentar de Inqu\u00e9rito, nos\r\ntermos art. 5\u00ba, da Lei n\u00ba 1.579, de 18 de mar\u00e7o\r\nde 1952."}, {"id": "2015", "ano": "2010", "numero": "2", "tipo__sigla": "RES", "tipo__descricao": "Resolu\u00e7\u00e3o", "texto_integral": "http://sapl.primaveradoleste.mt.leg.br/media/sapl/public/normajuridica/2010/2015/resolucao-002-2010.pdf", "ementa": "Cria a Comiss\u00e3o Parlamentar de\r\nInqu\u00e9rito \u2014 CPI destinada a investigar o processo\r\nlicitat\u00f3rio n\u00ba 087, de 2008 da Prefeitura\r\nMunicipal, que ensejou na licita\u00e7\u00e3o de\r\nmodalidade de Preg\u00e3o n\u00ba 012, de 2008 e\r\nconsequentemente na contrata\u00e7\u00e3o das empresas:\r\nIres Chiquito Della Riva; Waldemar Amaral\r\nPeixoto \u2014 ME e Adeir Rufino Rosa \u2014 ME; bem\r\ncomo, com escopo de investigar o Processo de\r\ndispensa de licita\u00e7\u00e3o n\u00ba 276, de 2010, para\r\ncontrata\u00e7\u00e3o de Banda para tocar o \u201cPrimafolia\r\n2010\u201d,"}, {"id": "2011", "ano": "2010", "numero": "1", "tipo__sigla": "RES", "tipo__descricao": "Resolu\u00e7\u00e3o", "texto_integral": "http://sapl.primaveradoleste.mt.leg.br/media/sapl/public/normajuridica/2010/2011/resolucao-001-2010.pdf", "ementa": "Disp\u00f5e sobre a organiza\u00e7\u00e3o administrativa da\r\nC\u00e2mara Municipal de Primavera do Leste - MT, em\r\nconformidade com o Art. 16 da Lei Org\u00e2nica do\r\nMunic\u00edpio."}, {"id": "2016", "ano": "2009", "numero": "6", "tipo__sigla": "RES", "tipo__descricao": "Resolu\u00e7\u00e3o", "texto_integral": "http://sapl.primaveradoleste.mt.leg.br/media/sapl/public/normajuridica/2009/2016/resolucao-006-2009.pdf", "ementa": "Disp\u00f5e sobre a altera\u00e7\u00e3o da\r\nResolu\u00e7\u00e3o 002/2009 de 06 de abril de 2009\r\na qual disp\u00f5e sobre a concess\u00e3o de di\u00e1rias\r\n\u00e0 Vereadores, Assessores e Servidores do\r\nPoder Legislativo e d\u00e1 outras\r\nprovid\u00eancias."}, {"id": "2017", "ano": "2009", "numero": "5", "tipo__sigla": "RES", "tipo__descricao": "Resolu\u00e7\u00e3o", "texto_integral": "http://sapl.primaveradoleste.mt.leg.br/media/sapl/public/normajuridica/2009/2017/resolucao-005-2009.pdf", "ementa": "Disp\u00f5e sobre a altera\u00e7\u00e3o do\r\nartigos 199 e 200 da Resolu\u00e7\u00e3o\r\n003/2009 a qual disp\u00f5e sobre o\r\nRegimento Interno da C\u00e2mara\r\nMunicipal."}, {"id": "2018", "ano": "2009", "numero": "4", "tipo__sigla": "RES", "tipo__descricao": "Resolu\u00e7\u00e3o", "texto_integral": "http://sapl.primaveradoleste.mt.leg.br/media/sapl/public/normajuridica/2009/2018/resolucao-004-2009.pdf", "ementa": "Institui o Sistema de Controle\r\nInterno na C\u00e2mara Municipal de\r\nPrimavera do Leste - MT."}, {"id": "2019", "ano": "2009", "numero": "3", "tipo__sigla": "RES", "tipo__descricao": "Resolu\u00e7\u00e3o", "texto_integral": "http://sapl.primaveradoleste.mt.leg.br/media/sapl/public/normajuridica/2009/2019/resolucao-003-2009.pdf", "ementa": "Disp\u00f5e sobre o Regimento Interno da C\u00e2mara\r\nMunicipal de Primavera do Leste - Estado de Mato\r\nGrosso."}, {"id": "2020", "ano": "2009", "numero": "2", "tipo__sigla": "RES", "tipo__descricao": "Resolu\u00e7\u00e3o", "texto_integral": "http://sapl.primaveradoleste.mt.leg.br/media/sapl/public/normajuridica/2009/2020/resolucao-002-2009.pdf", "ementa": "Disp\u00f5e sobre concess\u00e3o de di\u00e1rias \u00e0\r\nVereadores, Assessores e Servidores\r\ndo Poder Legislativo e d\u00e1 outras\r\nprovid\u00eancias."}, {"id": "2022", "ano": "2009", "numero": "1", "tipo__sigla": "RES", "tipo__descricao": "Resolu\u00e7\u00e3o", "texto_integral": "http://sapl.primaveradoleste.mt.leg.br/media/sapl/public/normajuridica/2009/2022/resolucao-001-2009-cancelada.pdf", "ementa": "OBS: RESOLU\u00c7\u00c3O CANCELADA E TRANSFORMADA EM ATO DO PRESIDENTE\r\n\r\nCria Comiss\u00e3o Especial para analisar\r\ne emitir pareceres conforme disp\u00f5e a Lei\r\nMunicipal 634 de 24 de agosto de 2000."}, {"id": "2025", "ano": "2008", "numero": "5", "tipo__sigla": "RES", "tipo__descricao": "Resolu\u00e7\u00e3o", "texto_integral": "http://sapl.primaveradoleste.mt.leg.br/media/sapl/public/normajuridica/2008/2025/resolucao-005-2008.pdf", "ementa": "Cria comiss\u00e3o especial de revis\u00e3o e reforma do Regimento Interno da C\u00e2mara de Vereadores."}, {"id": "2026", "ano": "2008", "numero": "4", "tipo__sigla": "RES", "tipo__descricao": "Resolu\u00e7\u00e3o", "texto_integral": "http://sapl.primaveradoleste.mt.leg.br/media/sapl/public/normajuridica/2008/2026/resolucao-004-2008.pdf", "ementa": "DISP\u00d5E SOBRE A EXTIN\u00c7\u00c3O DO\r\nMANDATO DO VEREADOR LUIZ\r\nCARLOS MAGALH\u00c3ES SILVA."}, {"id": "2027", "ano": "2008", "numero": "3", "tipo__sigla": "RES", "tipo__descricao": "Resolu\u00e7\u00e3o", "texto_integral": "http://sapl.primaveradoleste.mt.leg.br/media/sapl/public/normajuridica/2008/2027/resolucao-003-2008.pdf", "ementa": "Disp\u00f5e sobre a revis\u00e3o anual dos vencimentos dos\r\nServidores do Poder Legislativo Municipal."}, {"id": "2023", "ano": "2008", "numero": "2", "tipo__sigla": "RES", "tipo__descricao": "Resolu\u00e7\u00e3o", "texto_integral": "http://sapl.primaveradoleste.mt.leg.br/media/sapl/public/normajuridica/2008/2023/resolucao-002-2008.pdf", "ementa": "Cria Comiss\u00e3o Especial para analisar e emitir\r\npareceres conforme disp\u00f5e a Lei Municipal 975 de 14 de\r\nmar\u00e7o de 2007."}, {"id": "2024", "ano": "2008", "numero": "1", "tipo__sigla": "RES", "tipo__descricao": "Resolu\u00e7\u00e3o", "texto_integral": "http://sapl.primaveradoleste.mt.leg.br/media/sapl/public/normajuridica/2008/2024/resolucao-001-2008.pdf", "ementa": "Cria Comiss\u00e3o Especial para analisar e emitir\r\npareceres conforme disp\u00f5e a Lei Municipal 739 de 15 de\r\nJulho de 2002."}, {"id": "2049", "ano": "2007", "numero": "25", "tipo__sigla": "RES", "tipo__descricao": "Resolu\u00e7\u00e3o", "texto_integral": "http://sapl.primaveradoleste.mt.leg.br/media/sapl/public/normajuridica/2007/2049/resolucao-025-2007.pdf", "ementa": "Cria Comiss\u00e3o pr\u00f3-constru\u00e7\u00e3o da\r\nC\u00e2mara Municipal de Primavera do Leste e\r\nd\u00e1 outras providencias."}, {"id": "2035", "ano": "2007", "numero": "24", "tipo__sigla": "RES", "tipo__descricao": "Resolu\u00e7\u00e3o", "texto_integral": "http://sapl.primaveradoleste.mt.leg.br/media/sapl/public/normajuridica/2007/2035/resolucao-024-2007.pdf", "ementa": "\u201cAltera o artigo 1\u00ba da Resolu\u00e7\u00e3o n\u00ba 015/2007 de\r\n27 de agosto de 2007, a qual disp\u00f5e sobre as Comiss\u00f5es\r\nPermanentes para o Bi\u00eanio 2007/ 2008\u201d."}, {"id": "2028", "ano": "2007", "numero": "23", "tipo__sigla": "RES", "tipo__descricao": "Resolu\u00e7\u00e3o", "texto_integral": "http://sapl.primaveradoleste.mt.leg.br/media/sapl/public/normajuridica/2007/2028/resolucao-023-2007.pdf", "ementa": "Antecipa sess\u00e3o plen\u00e1ria."}, {"id": "2029", "ano": "2007", "numero": "22", "tipo__sigla": "RES", "tipo__descricao": "Resolu\u00e7\u00e3o", "texto_integral": "http://sapl.primaveradoleste.mt.leg.br/media/sapl/public/normajuridica/2007/2029/resolucao-022-2007.pdf", "ementa": "Cria Comiss\u00e3o Especial para analisar e emitir\r\npareceres conforme disp\u00f5e a Lei Municipal 250 de 26 de\r\nabril de 1995."}, {"id": "2050", "ano": "2007", "numero": "21", "tipo__sigla": "RES", "tipo__descricao": "Resolu\u00e7\u00e3o", "texto_integral": "http://sapl.primaveradoleste.mt.leg.br/media/sapl/public/normajuridica/2007/2050/resolucao-021-2007.pdf", "ementa": "Cria a Frente Parlamentar em Defesa dos\r\nDireitos da Crian\u00e7a e Adolescente."}, {"id": "2036", "ano": "2007", "numero": "20", "tipo__sigla": "RES", "tipo__descricao": "Resolu\u00e7\u00e3o", "texto_integral": "http://sapl.primaveradoleste.mt.leg.br/media/sapl/public/normajuridica/2007/2036/resolucao-020-2007.pdf", "ementa": "Disp\u00f5e sobre a cria\u00e7\u00e3o do \u201cInstituto\r\nMem\u00f3ria do Poder Legislativo Municipal de\r\nPrimavera do Leste Estado de Mato Grosso\"."}, {"id": "2037", "ano": "2007", "numero": "19", "tipo__sigla": "RES", "tipo__descricao": "Resolu\u00e7\u00e3o", "texto_integral": "http://sapl.primaveradoleste.mt.leg.br/media/sapl/public/normajuridica/2007/2037/resolucao-019-2007.pdf", "ementa": "\u201cDisp\u00f5e sobre a Descri\u00e7\u00e3o dos Cargos da\r\nC\u00e2mara Municipal de Primavera do Leste \u2014 MT\u201d."}, {"id": "2051", "ano": "2007", "numero": "18", "tipo__sigla": "RES", "tipo__descricao": "Resolu\u00e7\u00e3o", "texto_integral": "http://sapl.primaveradoleste.mt.leg.br/media/sapl/public/normajuridica/2007/2051/resolucao-018-2007.pdf", "ementa": "Institui o T\u00edtulo \u201cSelo de\r\nQualidade Social\u201d para empresas e entidades\r\nque prestam Servi\u00e7o Social e Cultural a\r\nsociedade primaverense e ao munic\u00edpio e d\u00e1\r\noutras Provid\u00eancias."}, {"id": "2039", "ano": "2007", "numero": "17", "tipo__sigla": "RES", "tipo__descricao": "Resolu\u00e7\u00e3o", "texto_integral": "http://sapl.primaveradoleste.mt.leg.br/media/sapl/public/normajuridica/2007/2039/resolucao-017-2007.pdf", "ementa": "Proposta Or\u00e7ament\u00e1ria do Poder\r\nLegislativo Municipal para o Exerc\u00edcio de 2008."}, {"id": "2030", "ano": "2007", "numero": "16", "tipo__sigla": "RES", "tipo__descricao": "Resolu\u00e7\u00e3o", "texto_integral": "http://sapl.primaveradoleste.mt.leg.br/media/sapl/public/normajuridica/2007/2030/resolucao-016-2007.pdf", "ementa": "Cria Comiss\u00e3o Especial para analisar e emitir\r\npareceres conforme disp\u00f5e a Lei Municipal 634 de 24 de\r\nagosto de 2000."}, {"id": "2038", "ano": "2007", "numero": "15", "tipo__sigla": "RES", "tipo__descricao": "Resolu\u00e7\u00e3o", "texto_integral": "http://sapl.primaveradoleste.mt.leg.br/media/sapl/public/normajuridica/2007/2038/resolucao-015-2007.pdf", "ementa": "\u201cAltera o artigo 1\u00ba da Resolu\u00e7\u00e3o n\u00ba 002/2007\r\nque Cria as Comiss\u00f5es Permanentes para o Bi\u00eanio 2007/\r\n2008\u201d."}, {"id": "2041", "ano": "2007", "numero": "14", "tipo__sigla": "RES", "tipo__descricao": "Resolu\u00e7\u00e3o", "texto_integral": "http://sapl.primaveradoleste.mt.leg.br/media/sapl/public/normajuridica/2007/2041/resolucao-014-2007.pdf", "ementa": "DISP\u00d5E SOBRE A ALTERA\u00c7\u00c3O DOS ANEXOS II e III DA\r\nRESOLU\u00c7\u00c3O 003 DE 28 DE FEVEREIRO DE 2007, QUE\r\nTRATA DO QUADRO DE CARGOS DO LEGISLATIVO\r\nMUNICIPAL, ESTABELECE O PLANO DE CARREIRA DOS\r\nSERVIDORES P\u00daBLICOS DO LEGISLATIVO MUNICIPAL."}, {"id": "2040", "ano": "2007", "numero": "13", "tipo__sigla": "RES", "tipo__descricao": "Resolu\u00e7\u00e3o", "texto_integral": "http://sapl.primaveradoleste.mt.leg.br/media/sapl/public/normajuridica/2007/2040/resolucao-013-2007.pdf", "ementa": "DISP\u00d5E SOBRE A EXTIN\u00c7\u00c3O DO\r\nMANDATO DO VEREADOR OSVALDO\r\nGAVIOLI."}, {"id": "2042", "ano": "2007", "numero": "12", "tipo__sigla": "RES", "tipo__descricao": "Resolu\u00e7\u00e3o", "texto_integral": "http://sapl.primaveradoleste.mt.leg.br/media/sapl/public/normajuridica/2007/2042/resolucao-12-2007.pdf", "ementa": "Disp\u00f5e sobre a revis\u00e3o anual dos vencimentos dos\r\nServidores do Poder Legislativo Municipal,"}, {"id": "2043", "ano": "2007", "numero": "11", "tipo__sigla": "RES", "tipo__descricao": "Resolu\u00e7\u00e3o", "texto_integral": "http://sapl.primaveradoleste.mt.leg.br/media/sapl/public/normajuridica/2007/2043/resolucao-011-2007.pdf", "ementa": "Disp\u00f5e sobre a anula\u00e7\u00e3o da Lei n\u00ba 935,\r\nde 01 de mar\u00e7o de 2006."}, {"id": "2044", "ano": "2007", "numero": "10", "tipo__sigla": "RES", "tipo__descricao": "Resolu\u00e7\u00e3o", "texto_integral": "http://sapl.primaveradoleste.mt.leg.br/media/sapl/public/normajuridica/2007/2044/resolucao-010-2007.pdf", "ementa": "Cria Comiss\u00e3o Especial para Reenquadramento\r\ne Progress\u00e3o Salarial dos Servidores Efetivos da C\u00e2mara\r\nMunicipal."}, {"id": "2045", "ano": "2007", "numero": "9", "tipo__sigla": "RES", "tipo__descricao": "Resolu\u00e7\u00e3o", "texto_integral": "http://sapl.primaveradoleste.mt.leg.br/media/sapl/public/normajuridica/2007/2045/resolucao-009-2007.pdf", "ementa": "Cria comiss\u00e3o especial de revis\u00e3o e reforma\r\ndo Regimento Interno da C\u00e2mara de Vereadores."}, {"id": "2031", "ano": "2007", "numero": "8", "tipo__sigla": "RES", "tipo__descricao": "Resolu\u00e7\u00e3o", "texto_integral": "http://sapl.primaveradoleste.mt.leg.br/media/sapl/public/normajuridica/2007/2031/resolucao-008-2007.pdf", "ementa": "Cria Comiss\u00e3o Especial para analisar e emitir\r\nparecer referente ao Projeto do \"Loteamento Condom\u00ednio\r\nResidencial Cristo Rei \u2014 1\u00aa Etapa\", de Primavera do\r\nLeste, e d\u00e1 outras providencias."}, {"id": "2032", "ano": "2007", "numero": "7", "tipo__sigla": "RES", "tipo__descricao": "Resolu\u00e7\u00e3o", "texto_integral": "http://sapl.primaveradoleste.mt.leg.br/media/sapl/public/normajuridica/2007/2032/resolucao-007-2007.pdf", "ementa": "Cria Comiss\u00e3o Especial para analisar e emitir\r\npareceres conforme disp\u00f5e a Lei Municipal 975 de 14 de\r\nmar\u00e7o de 2007."}, {"id": "2046", "ano": "2007", "numero": "6", "tipo__sigla": "RES", "tipo__descricao": "Resolu\u00e7\u00e3o", "texto_integral": "http://sapl.primaveradoleste.mt.leg.br/media/sapl/public/normajuridica/2007/2046/resolucao-006-2007.pdf", "ementa": "Substitui o nome do Presidente da\r\nComiss\u00e3o de Seguran\u00e7a P\u00fablica."}, {"id": "2033", "ano": "2007", "numero": "5", "tipo__sigla": "RES", "tipo__descricao": "Resolu\u00e7\u00e3o", "texto_integral": "http://sapl.primaveradoleste.mt.leg.br/media/sapl/public/normajuridica/2007/2033/resolucao-005-2007.pdf", "ementa": "Cria Comiss\u00e3o Especial para analisar e emitir\r\nparecer referente ao Anteprojeto do \"Loteamento Vila\r\nPopular\", de Primavera do Leste, e d\u00e1 outras\r\nprovidencias."}, {"id": "2034", "ano": "2007", "numero": "4", "tipo__sigla": "RES", "tipo__descricao": "Resolu\u00e7\u00e3o", "texto_integral": "http://sapl.primaveradoleste.mt.leg.br/media/sapl/public/normajuridica/2007/2034/resolucao-004-2007.pdf", "ementa": "Cria Comiss\u00e3o Especial para analisar e emitir\r\nparecer referente aos Projetos de Leis n\u00ba. 834 e 835\r\nambos de autoria do Executivo Municipal de Primavera\r\ndo Leste \u2014 MT, e d\u00e1 outras providencias."}, {"id": "2047", "ano": "2007", "numero": "3", "tipo__sigla": "RES", "tipo__descricao": "Resolu\u00e7\u00e3o", "texto_integral": "http://sapl.primaveradoleste.mt.leg.br/media/sapl/public/normajuridica/2007/2047/resolucao-003-2007.pdf", "ementa": "DISP\u00d5E SOBRE A REESTRUTURA\u00c7\u00c3O DOS QUADROS DE\r\nCARGOS DO LEGISLATIVO MUNICIPAL, ESTABELECE O\r\nPLANO DE CARREIRA DOS SERVIDORES P\u00daBLICOS DO\r\nLEGISLATIVO MUNICIPAL."}, {"id": "2048", "ano": "2007", "numero": "2", "tipo__sigla": "RES", "tipo__descricao": "Resolu\u00e7\u00e3o", "texto_integral": "http://sapl.primaveradoleste.mt.leg.br/media/sapl/public/normajuridica/2007/2048/resolucao-002-2007.pdf", "ementa": "Cria as Comiss\u00f5es Permanentes para o Bi\u00eanio 2007/2008."}, {"id": "2052", "ano": "2007", "numero": "1", "tipo__sigla": "RES", "tipo__descricao": "Resolu\u00e7\u00e3o", "texto_integral": "http://sapl.primaveradoleste.mt.leg.br/media/sapl/public/normajuridica/2007/2052/resolucao-001-2007.pdf", "ementa": "Cria Comiss\u00e3o pr\u00f3-constru\u00e7\u00e3o da C\u00e2mara\r\nMunicipal de Primavera do Leste e d\u00e1 outras\r\nprovidencias."}, {"id": "2054", "ano": "2006", "numero": "10", "tipo__sigla": "RES", "tipo__descricao": "Resolu\u00e7\u00e3o", "texto_integral": "http://sapl.primaveradoleste.mt.leg.br/media/sapl/public/normajuridica/2006/2054/resolucao-010-2006.pdf", "ementa": "Cria Comiss\u00e3o Especial para analisar e emitir\r\nparecer referente ao \"Loteamento Parque Castel\u00e3ndia\r\nVI\", de Primavera do Leste, e d\u00e1 outras providencias."}, {"id": "2057", "ano": "2006", "numero": "9", "tipo__sigla": "RES", "tipo__descricao": "Resolu\u00e7\u00e3o", "texto_integral": "http://sapl.primaveradoleste.mt.leg.br/media/sapl/public/normajuridica/2006/2057/resolucao-009-2006.pdf", "ementa": "Proposta Or\u00e7ament\u00e1ria do Poder Legislativo Municipal\r\npara o Exerc\u00edcio de 2007."}, {"id": "2061", "ano": "2006", "numero": "8", "tipo__sigla": "RES", "tipo__descricao": "Resolu\u00e7\u00e3o", "texto_integral": "http://sapl.primaveradoleste.mt.leg.br/media/sapl/public/normajuridica/2006/2061/resolucao-008-2006.pdf", "ementa": "Revoga a Resolu\u00e7\u00e3o n\u00ba 002/2006 e d\u00e1 outras previd\u00eancias."}, {"id": "2059", "ano": "2006", "numero": "7", "tipo__sigla": "RES", "tipo__descricao": "Resolu\u00e7\u00e3o", "texto_integral": "http://sapl.primaveradoleste.mt.leg.br/media/sapl/public/normajuridica/2006/2059/resolucao-007-2006.pdf", "ementa": "Autoriza: Concess\u00e3o de Licen\u00e7a a Vereador e\r\nConvoca\u00e7\u00e3o de Substituto."}, {"id": "2055", "ano": "2006", "numero": "6", "tipo__sigla": "RES", "tipo__descricao": "Resolu\u00e7\u00e3o", "texto_integral": "http://sapl.primaveradoleste.mt.leg.br/media/sapl/public/normajuridica/2006/2055/resolucao-006-2006.pdf", "ementa": "D\u00e1 nova reda\u00e7\u00e3o ao Artigo 2\u00b0 da Resolu\u00e7\u00e3o 005\r\nde 12 de junho de 2006."}, {"id": "2056", "ano": "2006", "numero": "5", "tipo__sigla": "RES", "tipo__descricao": "Resolu\u00e7\u00e3o", "texto_integral": "http://sapl.primaveradoleste.mt.leg.br/media/sapl/public/normajuridica/2006/2056/resolucao-005-2006.pdf", "ementa": "Cria Comiss\u00e3o Especial para analisar e emitir\r\nparecer referente ao Loteamento Condom\u00ednio Residencial\r\nVit\u00f3ria de Primavera do Leste, e d\u00e1 outras providencias."}, {"id": "2058", "ano": "2006", "numero": "4", "tipo__sigla": "RES", "tipo__descricao": "Resolu\u00e7\u00e3o", "texto_integral": "http://sapl.primaveradoleste.mt.leg.br/media/sapl/public/normajuridica/2006/2058/resolucao-004-2006.pdf", "ementa": "Disp\u00f5e sobre a revis\u00e3o anual dos vencimentos\r\nservidores do Poder Legislativo Municipal."}, {"id": "2060", "ano": "2006", "numero": "3", "tipo__sigla": "RES", "tipo__descricao": "Resolu\u00e7\u00e3o", "texto_integral": "http://sapl.primaveradoleste.mt.leg.br/media/sapl/public/normajuridica/2006/2060/resolucao-003-2006.pdf", "ementa": "DISP\u00d5E SOBRE A REESTRUTURA\u00c7\u00c3O DOS QUADROS DE CARGOS DO LEGISLATIVO MUNICIPAL, ESTABELECE O PLANO DE CARREIRA DOS SERVIDORES P\u00daBLICOS DO LEGISLATIVO MUNICIPAL"}, {"id": "2062", "ano": "2006", "numero": "2", "tipo__sigla": "RES", "tipo__descricao": "Resolu\u00e7\u00e3o", "texto_integral": "http://sapl.primaveradoleste.mt.leg.br/media/sapl/public/normajuridica/2006/2062/resolucao-002-2006.pdf", "ementa": "Cria comiss\u00e3o processante e d\u00e1 outras provid\u00eancias."}, {"id": "2063", "ano": "2006", "numero": "1", "tipo__sigla": "RES", "tipo__descricao": "Resolu\u00e7\u00e3o", "texto_integral": "http://sapl.primaveradoleste.mt.leg.br/media/sapl/public/normajuridica/2006/2063/resolucao-001-2006.pdf", "ementa": "Institui o t\u00edtulo \"Mulher Cidad\u00e3\"."}, {"id": "2064", "ano": "2005", "numero": "18", "tipo__sigla": "RES", "tipo__descricao": "Resolu\u00e7\u00e3o", "texto_integral": "http://sapl.primaveradoleste.mt.leg.br/media/sapl/public/normajuridica/2005/2064/resolucao-018-2005.pdf", "ementa": "Disp\u00f5e sobre a cria\u00e7\u00e3o da Comiss\u00e3o de Representa\u00e7\u00e3o para apurar as den\u00fancias de poss\u00edveis irregularidades junto \u00e0 Secretaria Municipal de Sa\u00fade."}, {"id": "2352", "ano": "2005", "numero": "172005", "tipo__sigla": "RES", "tipo__descricao": "Resolu\u00e7\u00e3o", "texto_integral": "http://sapl.primaveradoleste.mt.leg.br/media/sapl/public/normajuridica/2005/2352/resolucao-017-2005.pdf", "ementa": "\"Cria Comiss\u00e3o Parlamentar de Inqu\u00e9rito, e d\u00e1 outras provid\u00eancias\"."}, {"id": "2353", "ano": "2005", "numero": "17", "tipo__sigla": "RES", "tipo__descricao": "Resolu\u00e7\u00e3o", "texto_integral": "http://sapl.primaveradoleste.mt.leg.br/media/sapl/public/normajuridica/2005/2353/resolucao-017-2005.pdf", "ementa": "\"Proposta Or\u00e7ament\u00e1ria do Poder Legislativo Municipal para o exerc\u00edcio de 2006\"."}, {"id": "2065", "ano": "2005", "numero": "16", "tipo__sigla": "RES", "tipo__descricao": "Resolu\u00e7\u00e3o", "texto_integral": "http://sapl.primaveradoleste.mt.leg.br/media/sapl/public/normajuridica/2005/2065/resolucao-016-2005.pdf", "ementa": "Cria a Comiss\u00e3o Especial de Reforma da Lei Org\u00e2nica do Munic\u00edpio de Primavera do Leste e autoriza a convoca\u00e7\u00e3o de Audi\u00eancias P\u00fablicas e d\u00e1 outras provid\u00eancias."}, {"id": "2068", "ano": "2005", "numero": "15", "tipo__sigla": "RES", "tipo__descricao": "Resolu\u00e7\u00e3o", "texto_integral": "http://sapl.primaveradoleste.mt.leg.br/media/sapl/public/normajuridica/2005/2068/resolucao-015-2005.pdf", "ementa": "\"Disp\u00f5e sobre a Descri\u00e7\u00e3o dos Cargos da C\u00e2mara Municipal de Primavera do Leste - MT\"."}, {"id": "2074", "ano": "2005", "numero": "14", "tipo__sigla": "RES", "tipo__descricao": "Resolu\u00e7\u00e3o", "texto_integral": "http://sapl.primaveradoleste.mt.leg.br/media/sapl/public/normajuridica/2005/2074/resolucao-014-2005.pdf", "ementa": "\"institui o Programa Vereador Juvenil no Munic\u00edpio de Primavera do Leste\" e d\u00e1 outras provid\u00eancias."}, {"id": "2066", "ano": "2005", "numero": "13", "tipo__sigla": "RES", "tipo__descricao": "Resolu\u00e7\u00e3o", "texto_integral": "http://sapl.primaveradoleste.mt.leg.br/media/sapl/public/normajuridica/2005/2066/resolucao-013-2005.pdf", "ementa": "\u201cFica a C\u00e2mara Municipal de Primavera do\r\nLeste, Estado de Mato Grosso, autorizada a consolidar\r\nConv\u00eanio com a Faculdades UNICEN - Campus\r\nWaldomiro Riva, nesta cidade de Primavera do Leste\"."}, {"id": "2075", "ano": "2005", "numero": "12", "tipo__sigla": "RES", "tipo__descricao": "Resolu\u00e7\u00e3o", "texto_integral": "http://sapl.primaveradoleste.mt.leg.br/media/sapl/public/normajuridica/2005/2075/resolucao-012-2005.pdf", "ementa": "\"Declara a nulidade dos atos praticados pelo Presidente da C\u00e2mara na condu\u00e7\u00e3o do processo de vota\u00e7\u00e3o do Parecer da Comiss\u00e3o de Justi\u00e7a e Reda\u00e7\u00e3o ao Veto ao Projeto de Lei n\u00ba 002/2005\"."}, {"id": "2067", "ano": "2005", "numero": "11", "tipo__sigla": "RES", "tipo__descricao": "Resolu\u00e7\u00e3o", "texto_integral": "http://sapl.primaveradoleste.mt.leg.br/media/sapl/public/normajuridica/2005/2067/resolucao-011-2005.pdf", "ementa": "\"Disp\u00f5e sobre contrato de Comodato entre a C\u00e2mara Municipal e a 5\u00aa Delegacia PRF/MT - Primavera do Leste - MT\"."}, {"id": "2069", "ano": "2005", "numero": "10", "tipo__sigla": "RES", "tipo__descricao": "Resolu\u00e7\u00e3o", "texto_integral": "http://sapl.primaveradoleste.mt.leg.br/media/sapl/public/normajuridica/2005/2069/resolucao-010-2005.pdf", "ementa": "\"Disp\u00f5e sobre a concess\u00e3o de um (a) funcion\u00e1rio (a) da C\u00e2mara Municipal \u00e0 5\u00aa Delegacia PRF/MT - Primavera do Leste - MT\"."}, {"id": "2081", "ano": "2005", "numero": "9", "tipo__sigla": "RES", "tipo__descricao": "Resolu\u00e7\u00e3o", "texto_integral": "http://sapl.primaveradoleste.mt.leg.br/media/sapl/public/normajuridica/2005/2081/resolucao-009-2005.pdf", "ementa": "\"Disp\u00f5e sobre a revis\u00e3o anual dos vencimentos servidores do Poder Legislativo Municipal\"."}, {"id": "2072", "ano": "2005", "numero": "8", "tipo__sigla": "RES", "tipo__descricao": "Resolu\u00e7\u00e3o", "texto_integral": "http://sapl.primaveradoleste.mt.leg.br/media/sapl/public/normajuridica/2005/2072/resolucao-008-2005.pdf", "ementa": "DISP\u00d5E SOBRE A REESTRUTURA\u00c7\u00c3O DOS QUADROS DE CARGOS DO LEGISLATIVO MUNICIPAL, ESTABELECE O PLANO DE CARREIRA DOS SERVIDORES P\u00daBLICOS DO LEGISLATIVO MUNICIPAL."}, {"id": "2071", "ano": "2005", "numero": "7", "tipo__sigla": "RES", "tipo__descricao": "Resolu\u00e7\u00e3o", "texto_integral": "http://sapl.primaveradoleste.mt.leg.br/media/sapl/public/normajuridica/2005/2071/resolucao-007-2005.pdf", "ementa": "\"Antecipa Sess\u00e3o Ordin\u00e1ria e d\u00e1 outras provid\u00eancias\"."}, {"id": "2078", "ano": "2005", "numero": "6", "tipo__sigla": "RES", "tipo__descricao": "Resolu\u00e7\u00e3o", "texto_integral": "http://sapl.primaveradoleste.mt.leg.br/media/sapl/public/normajuridica/2005/2078/resolucao-006-2005.pdf", "ementa": "Declara a nulidade dos atos praticados pelo Presidente da C\u00e2mara na condu\u00e7\u00e3o do processo de vota\u00e7\u00e3o do Projeto de Lei n\u00ba 771/2005."}, {"id": "2073", "ano": "2005", "numero": "5", "tipo__sigla": "RES", "tipo__descricao": "Resolu\u00e7\u00e3o", "texto_integral": "http://sapl.primaveradoleste.mt.leg.br/media/sapl/public/normajuridica/2005/2073/resolucao-005-2005.pdf", "ementa": "Cria Comiss\u00e3o pr\u00f3-constru\u00e7\u00e3o da C\u00e2mara Municipal de Primavera do Leste e d\u00e1 outras provid\u00eancias."}, {"id": "2076", "ano": "2005", "numero": "4", "tipo__sigla": "RES", "tipo__descricao": "Resolu\u00e7\u00e3o", "texto_integral": "http://sapl.primaveradoleste.mt.leg.br/media/sapl/public/normajuridica/2005/2076/resolucao-004-2005.pdf", "ementa": "\"Cria as Comiss\u00f5es Permanentes para o Bi\u00eanio 2005 \u00e0 2006\"."}, {"id": "2077", "ano": "2005", "numero": "3", "tipo__sigla": "RES", "tipo__descricao": "Resolu\u00e7\u00e3o", "texto_integral": "http://sapl.primaveradoleste.mt.leg.br/media/sapl/public/normajuridica/2005/2077/resolucao-003-2005.pdf", "ementa": "D\u00e1 nova reda\u00e7\u00e3o ao \"caput\" do Artigo 115 e ao seu Inciso III, do Par\u00e1grafo 1\u00ba do Regimento Interno."}, {"id": "2079", "ano": "2005", "numero": "2", "tipo__sigla": "RES", "tipo__descricao": "Resolu\u00e7\u00e3o", "texto_integral": "http://sapl.primaveradoleste.mt.leg.br/media/sapl/public/normajuridica/2005/2079/resolucao-002-2005.pdf", "ementa": "Disp\u00f5e sobre a altera\u00e7\u00e3o da Resolu\u00e7\u00e3o n\u00ba 001, de 21 de Janeiro de 2005, que disp\u00f5e sobre a reestrutura\u00e7\u00e3o dos quadros de cargos do legislativo municipal e estabelece o Plano de Carreira dos Servidores P\u00fablicos do Legislativo Municipal."}, {"id": "2080", "ano": "2005", "numero": "1", "tipo__sigla": "RES", "tipo__descricao": "Resolu\u00e7\u00e3o", "texto_integral": "http://sapl.primaveradoleste.mt.leg.br/media/sapl/public/normajuridica/2005/2080/resolucao-001-2005.pdf", "ementa": "DISP\u00d5E SOBRE A REESTRUTURA\u00c7\u00c3O DOS QUADROS DE CARGOS DO LEGISLATIVO MUNICIPAL, ESTABELECE O PLANO DE CARREIRA DOS SERVIDORES P\u00daBLICOS DO LEGISLATIVO MUNICIPAL."}, {"id": "2082", "ano": "2004", "numero": "12", "tipo__sigla": "RES", "tipo__descricao": "Resolu\u00e7\u00e3o", "texto_integral": "http://sapl.primaveradoleste.mt.leg.br/media/sapl/public/normajuridica/2004/2082/resolucao-012-2004.pdf", "ementa": "DISP\u00d5E SOBRE A DESCRI\u00c7\u00c3O DOS CARGOS DA C\u00c2MARA MUNICIPAL DE PRIMAVERA DO LESTE"}, {"id": "2083", "ano": "2004", "numero": "11", "tipo__sigla": "RES", "tipo__descricao": "Resolu\u00e7\u00e3o", "texto_integral": "http://sapl.primaveradoleste.mt.leg.br/media/sapl/public/normajuridica/2004/2083/resolucao-011-2004.pdf", "ementa": "Cria Comiss\u00e3o Especial, para analisar e emitir\r\nparecer referente o loteamento Cidade\r\nPrimavera IV, e d\u00e1 outras providencias."}, {"id": "2084", "ano": "2004", "numero": "10", "tipo__sigla": "RES", "tipo__descricao": "Resolu\u00e7\u00e3o", "texto_integral": "http://sapl.primaveradoleste.mt.leg.br/media/sapl/public/normajuridica/2004/2084/resolucao-010-2004.pdf", "ementa": "Cria Comiss\u00e3o Especial, para analisar e emitir\r\nparecer referente o loteamento Jardim Poncho\r\nVerde II, e d\u00e1 outras providencias."}, {"id": "2085", "ano": "2004", "numero": "9", "tipo__sigla": "RES", "tipo__descricao": "Resolu\u00e7\u00e3o", "texto_integral": "http://sapl.primaveradoleste.mt.leg.br/media/sapl/public/normajuridica/2004/2085/resolucao-009-2004.pdf", "ementa": "Cria Comiss\u00e3o Especial, para analisar e emitir\r\nparecer referente ao Projeto de Mo\u00e7\u00e3o de Aplausos\r\ne d\u00e1 outras providencias."}, {"id": "2087", "ano": "2004", "numero": "8", "tipo__sigla": "RES", "tipo__descricao": "Resolu\u00e7\u00e3o", "texto_integral": "http://sapl.primaveradoleste.mt.leg.br/media/sapl/public/normajuridica/2004/2087/resolucao-008-2004.pdf", "ementa": "Cria Comiss\u00e3o Especial, para analisar e emitir\r\nparecer referente o loteamento Jardim It\u00e1lia, e\r\nd\u00e1 outras providencias."}, {"id": "2089", "ano": "2004", "numero": "7", "tipo__sigla": "RES", "tipo__descricao": "Resolu\u00e7\u00e3o", "texto_integral": "http://sapl.primaveradoleste.mt.leg.br/media/sapl/public/normajuridica/2004/2089/resolucao-007-2004.pdf", "ementa": "Cria Comiss\u00e3o Especial, para analisar e emitir\r\nparecer referente ao Projeto de Mo\u00e7\u00e3o de Aplausos\r\ne d\u00e1 outras providencias."}, {"id": "2090", "ano": "2004", "numero": "6", "tipo__sigla": "RES", "tipo__descricao": "Resolu\u00e7\u00e3o", "texto_integral": "http://sapl.primaveradoleste.mt.leg.br/media/sapl/public/normajuridica/2004/2090/resolucao-006-2004.pdf", "ementa": "Cria Comiss\u00e3o Especial, para analisar e emitir\r\nparecer referente aos Projetos de Mo\u00e7\u00f5es de\r\nAplausos e d\u00e1 outras providencias."}, {"id": "2092", "ano": "2004", "numero": "5", "tipo__sigla": "RES", "tipo__descricao": "Resolu\u00e7\u00e3o", "texto_integral": "http://sapl.primaveradoleste.mt.leg.br/media/sapl/public/normajuridica/2004/2092/resolucao-005-2004.pdf", "ementa": "Cria Comiss\u00e3o Especial, para analisar e emitir\r\nparecer referente ao Projeto de Mo\u00e7\u00e3o de Aplausos\r\nn\u00b0001/04 e Projeto de Decreto Legislativo 001/04 e\r\nd\u00e1 outras providencias."}, {"id": "2093", "ano": "2004", "numero": "4", "tipo__sigla": "RES", "tipo__descricao": "Resolu\u00e7\u00e3o", "texto_integral": "http://sapl.primaveradoleste.mt.leg.br/media/sapl/public/normajuridica/2004/2093/resolucao-004-2004.pdf", "ementa": "Cria Comiss\u00e3o Especial, para analisar e emitir\r\npareceres referentes aos Projetos de Decretos de\r\nn\u00b0001 e 002/04, e d\u00e1 outras providencias."}, {"id": "2096", "ano": "2004", "numero": "3", "tipo__sigla": "RES", "tipo__descricao": "Resolu\u00e7\u00e3o", "texto_integral": "http://sapl.primaveradoleste.mt.leg.br/media/sapl/public/normajuridica/2004/2096/resolucao-003-2004.pdf", "ementa": "Reajusta vencimentos dos servidores p\u00fablicos do munic\u00edpio de Primavera do Leste, em exerc\u00edcio no poder Legislativo e d\u00e1 outras provid\u00eancias."}, {"id": "2094", "ano": "2004", "numero": "2", "tipo__sigla": "RES", "tipo__descricao": "Resolu\u00e7\u00e3o", "texto_integral": "http://sapl.primaveradoleste.mt.leg.br/media/sapl/public/normajuridica/2004/2094/resolucao-002-2004.pdf", "ementa": "Cria Comiss\u00e3o Especial, para analisar e emitir\r\nparecer referente ao Projeto de Mo\u00e7\u00e3o de Aplausos\r\nn\u00b0002/04, e d\u00e1 outras providencias."}, {"id": "2095", "ano": "2004", "numero": "1", "tipo__sigla": "RES", "tipo__descricao": "Resolu\u00e7\u00e3o", "texto_integral": "http://sapl.primaveradoleste.mt.leg.br/media/sapl/public/normajuridica/2004/2095/resolucao-001-2004.pdf", "ementa": "Cria Comiss\u00e3o Especial, para analisar e emitir parecer referente ao Projeto de Decreto Legislativo, que visa conceder T\u00cdTULO DE CIDAD\u00c3O HONOR\u00c1RIO, e d\u00e1 outras providencias."}, {"id": "2106", "ano": "2003", "numero": "15", "tipo__sigla": "RES", "tipo__descricao": "Resolu\u00e7\u00e3o", "texto_integral": "http://sapl.primaveradoleste.mt.leg.br/media/sapl/public/normajuridica/2003/2106/resolucao-015-2003.pdf", "ementa": "DISP\u00d5E SOBRE A REESTRUTURA\u00c7\u00c3O DOS QUADROS DE CARGOS DO LEGISLATIVO MUNICIPAL, ESTABELECE O PLANO DE CARREIRA DOS SERVIDORES P\u00daBLICOS DO LEGISLATIVO MUNICIPAL."}, {"id": "2097", "ano": "2003", "numero": "14", "tipo__sigla": "RES", "tipo__descricao": "Resolu\u00e7\u00e3o", "texto_integral": "http://sapl.primaveradoleste.mt.leg.br/media/sapl/public/normajuridica/2003/2097/resolucao-014-2003.pdf", "ementa": "Cria Comiss\u00e3o Especial, para analisar e emitir\r\nparecer referente \u00e0 Mo\u00e7\u00e3o de Aplausos e d\u00e1 outra\r\nprovidencias."}, {"id": "2098", "ano": "2003", "numero": "13", "tipo__sigla": "RES", "tipo__descricao": "Resolu\u00e7\u00e3o", "texto_integral": "http://sapl.primaveradoleste.mt.leg.br/media/sapl/public/normajuridica/2003/2098/resolucao-013-2003.pdf", "ementa": "Cria Comiss\u00e3o Especial, para analisar e emitir\r\nparecer referente \u00e0 Mo\u00e7\u00e3o de Aplausos e d\u00e1 outra\r\nprovidencias."}, {"id": "2101", "ano": "2003", "numero": "9", "tipo__sigla": "RES", "tipo__descricao": "Resolu\u00e7\u00e3o", "texto_integral": "http://sapl.primaveradoleste.mt.leg.br/media/sapl/public/normajuridica/2003/2101/resolucao-009-2003.pdf", "ementa": "Cria Comiss\u00e3o Especial, para analisar e emitir\r\nparecer referente o loteamento e d\u00e1 outras\r\nprovidencias."}, {"id": "2099", "ano": "2003", "numero": "12", "tipo__sigla": "RES", "tipo__descricao": "Resolu\u00e7\u00e3o", "texto_integral": "http://sapl.primaveradoleste.mt.leg.br/media/sapl/public/normajuridica/2003/2099/resolucao-012-2003.pdf", "ementa": "Cria Comiss\u00e3o Especial, para analisar e emitir\r\nparecer referente ao Projeto de Decreto Legislativo,\r\nque visa conceder T\u00cdTULO DE CIDAD\u00c3O\r\nHONOR\u00c1RIO, e d\u00e1 outra providencias."}, {"id": "2100", "ano": "2003", "numero": "11", "tipo__sigla": "RES", "tipo__descricao": "Resolu\u00e7\u00e3o", "texto_integral": "http://sapl.primaveradoleste.mt.leg.br/media/sapl/public/normajuridica/2003/2100/resolucao-011-2003.pdf", "ementa": "Cria Comiss\u00e3o Especial, para analisar e emitir\r\nparecer referente \u00e0 Mo\u00e7\u00e3o de Aplausos e d\u00e1 outra\r\nprovidencias."}, {"id": "2102", "ano": "2003", "numero": "8", "tipo__sigla": "RES", "tipo__descricao": "Resolu\u00e7\u00e3o", "texto_integral": "http://sapl.primaveradoleste.mt.leg.br/media/sapl/public/normajuridica/2003/2102/resolucao-008-2003.pdf", "ementa": "Cria Comiss\u00e3o Especial, para analisar e emitir\r\nsegundo parecer referente o loteamento Jardim\r\nMaring\u00e1, e d\u00e1 outras providencias."}, {"id": "2109", "ano": "2003", "numero": "7", "tipo__sigla": "RES", "tipo__descricao": "Resolu\u00e7\u00e3o", "texto_integral": "http://sapl.primaveradoleste.mt.leg.br/media/sapl/public/normajuridica/2003/2109/resolucao-007-2003.pdf", "ementa": "D\u00e1 nova reda\u00e7\u00e3o ao Inciso IV, do Artigo 16\r\ne Inciso II, Par\u00e1grafo 1\u00ba, do Artigo 115, da\r\nResolu\u00e7\u00e3o n\u00ba 06/90, de 12 de Outubro de 1990\r\n(Regimento Interno)."}, {"id": "2103", "ano": "2003", "numero": "6", "tipo__sigla": "RES", "tipo__descricao": "Resolu\u00e7\u00e3o", "texto_integral": "http://sapl.primaveradoleste.mt.leg.br/media/sapl/public/normajuridica/2003/2103/resolucao-006-2003.pdf", "ementa": "Modifica o Regimento Interno, criando o Artigo 76a e\r\no CAPITULO XI no seu TITULO V."}, {"id": "2110", "ano": "2003", "numero": "5", "tipo__sigla": "RES", "tipo__descricao": "Resolu\u00e7\u00e3o", "texto_integral": "http://sapl.primaveradoleste.mt.leg.br/media/sapl/public/normajuridica/2003/2110/resolucao-005-2003.pdf", "ementa": "Cria Comiss\u00e3o Especial, para analisar e emitir\r\nparecer referente ao Projeto de Decreto Legislativo,\r\nque visa conceder T\u00cdTULO DE CIDAD\u00c3O\r\nHONOR\u00c1RIO, e d\u00e1 outras providencias."}, {"id": "2107", "ano": "2003", "numero": "4", "tipo__sigla": "RES", "tipo__descricao": "Resolu\u00e7\u00e3o", "texto_integral": "http://sapl.primaveradoleste.mt.leg.br/media/sapl/public/normajuridica/2003/2107/resolucao-004-2003.pdf", "ementa": "Autoriza ausentar-se do pa\u00eds a vereadora Marli In\u00eas Martins."}, {"id": "2108", "ano": "2003", "numero": "3", "tipo__sigla": "RES", "tipo__descricao": "Resolu\u00e7\u00e3o", "texto_integral": "http://sapl.primaveradoleste.mt.leg.br/media/sapl/public/normajuridica/2003/2108/resolucao-003-2003.pdf", "ementa": "Autoriza: Concess\u00e3o de licen\u00e7a a vereador e a convoca\u00e7\u00e3o de substituto."}, {"id": "2104", "ano": "2003", "numero": "2", "tipo__sigla": "RES", "tipo__descricao": "Resolu\u00e7\u00e3o", "texto_integral": "http://sapl.primaveradoleste.mt.leg.br/media/sapl/public/normajuridica/2003/2104/resolucao-002-2003.pdf", "ementa": "Cria Comiss\u00e3o Especial, para analisar e emitir\r\nparecer referente \u00e0 Mo\u00e7\u00e3o de Aplausos e d\u00e1 outras\r\nprovidencias."}, {"id": "2105", "ano": "2003", "numero": "1", "tipo__sigla": "RES", "tipo__descricao": "Resolu\u00e7\u00e3o", "texto_integral": "http://sapl.primaveradoleste.mt.leg.br/media/sapl/public/normajuridica/2003/2105/resolucao-001-2003.pdf", "ementa": "REAJUSTA\r\nVENCIMENTOS\r\nDOS\r\nSERVIDORES\r\nP\u00daBLICOS DO MUNIC\u00cdPIO DE PRIMAVERA DO LESTE,\r\nEM EXERC\u00cdCIO NO PODER LEGISLATIVO E D\u00c1\r\nOUTRAS PROVID\u00caNCIAS."}, {"id": "2112", "ano": "2002", "numero": "13", "tipo__sigla": "RES", "tipo__descricao": "Resolu\u00e7\u00e3o", "texto_integral": "http://sapl.primaveradoleste.mt.leg.br/media/sapl/public/normajuridica/2002/2112/resolucao-013-2002.pdf", "ementa": "DISP\u00d5E SOBRE A REESTRUTURA\u00c7\u00c3O DO PLANO DE CARGOS, CARREIRA E VENCIMENTOS DOS SERVIDORES DA C\u00c2MARA MUNICIPAL DE PRIMAVERA DO LESTE - MATO GROSSO."}, {"id": "2113", "ano": "2002", "numero": "12", "tipo__sigla": "RES", "tipo__descricao": "Resolu\u00e7\u00e3o", "texto_integral": "http://sapl.primaveradoleste.mt.leg.br/media/sapl/public/normajuridica/2002/2113/resolucao-012-2002.pdf", "ementa": "ACRESCENTA INCISO \"VIII, IX, X\" NO ARTIGO 194, DO REGIMENTO INTERNO DA C\u00c2MARA MUNICIPAL DE PRIMAVERA DO LESTE - MT, E D\u00c1 OUTRAS PROVID\u00caNCIAS."}, {"id": "2114", "ano": "2002", "numero": "11", "tipo__sigla": "RES", "tipo__descricao": "Resolu\u00e7\u00e3o", "texto_integral": "http://sapl.primaveradoleste.mt.leg.br/media/sapl/public/normajuridica/2002/2114/resolucao-011-2002.pdf", "ementa": "Autoriza a doa\u00e7\u00e3o de m\u00f3veis de propriedade da C\u00e2mara Municipal, ao Centro de Sa\u00fade \"Osvaldo Cruz\" de Primavera do Leste - MT."}, {"id": "2115", "ano": "2002", "numero": "10", "tipo__sigla": "RES", "tipo__descricao": "Resolu\u00e7\u00e3o", "texto_integral": "http://sapl.primaveradoleste.mt.leg.br/media/sapl/public/normajuridica/2002/2115/resolucao-010-2002.pdf", "ementa": "Cria Comiss\u00e3o Especial, para analisar e emitir parecer referente aos desmembramentos e remembramentos, loteamento - Ginco - Geral Incorporadora e Construtora LTDA e d\u00e1 outras provid\u00eancias."}, {"id": "2116", "ano": "2002", "numero": "9", "tipo__sigla": "RES", "tipo__descricao": "Resolu\u00e7\u00e3o", "texto_integral": "http://sapl.primaveradoleste.mt.leg.br/media/sapl/public/normajuridica/2002/2116/resolucao-009-2002.pdf", "ementa": "Cria Comiss\u00e3o de Investiga\u00e7\u00e3o e Processantes, e d\u00e1 outras provid\u00eancias."}, {"id": "2117", "ano": "2002", "numero": "8", "tipo__sigla": "RES", "tipo__descricao": "Resolu\u00e7\u00e3o", "texto_integral": "http://sapl.primaveradoleste.mt.leg.br/media/sapl/public/normajuridica/2002/2117/resolucao-008-2002.pdf", "ementa": "ALTERA O INCISO IV, DO ARTIGO 16, AL\u00cdNEA\r\n\u201cb\u201d DO \u00a7 3\u00ba E \u00a7 4\u00ba, DO ARTIGO 48 e INCISO III DO\r\nARTIGO 115, DO REGIMENTO INTERNO DA\r\nC\u00c2MARA MUNICIPAL DE PRIMAVERA DO\r\nLESTE-MT, E D\u00c1 OUTRAS PROVID\u00caNCIAS."}, {"id": "2118", "ano": "2002", "numero": "7", "tipo__sigla": "RES", "tipo__descricao": "Resolu\u00e7\u00e3o", "texto_integral": "http://sapl.primaveradoleste.mt.leg.br/media/sapl/public/normajuridica/2002/2118/resolucao-007-2002.pdf", "ementa": "ALTERA O INCISO III, DO ARTIGO 19, DO REGIMENTO INTERNO DA C\u00c2MARA MUNICIPAL DE PRIMAVERA DO LESTE - MT, E D\u00c1 OUTRAS PROVID\u00caNCIAS."}, {"id": "2119", "ano": "2002", "numero": "6", "tipo__sigla": "RES", "tipo__descricao": "Resolu\u00e7\u00e3o", "texto_integral": "http://sapl.primaveradoleste.mt.leg.br/media/sapl/public/normajuridica/2002/2119/resolucao-006-2002.pdf", "ementa": "Autoriza a concess\u00e3o de licen\u00e7a a vereador e a convoca\u00e7\u00e3o de substituto."}, {"id": "2121", "ano": "2002", "numero": "5", "tipo__sigla": "RES", "tipo__descricao": "Resolu\u00e7\u00e3o", "texto_integral": "http://sapl.primaveradoleste.mt.leg.br/media/sapl/public/normajuridica/2002/2121/resolucao-005-2002.pdf", "ementa": "Altera a Resolu\u00e7\u00e3o n\u00ba 006/90, \"Regimento Interno da C\u00e2mara\"."}, {"id": "2120", "ano": "2002", "numero": "4", "tipo__sigla": "RES", "tipo__descricao": "Resolu\u00e7\u00e3o", "texto_integral": "http://sapl.primaveradoleste.mt.leg.br/media/sapl/public/normajuridica/2002/2120/resolucao-004-2002.pdf", "ementa": "Acrescenta Inciso VII no T\u00edtulo V - das Comiss\u00f5es, na Sec\u00e7\u00e3o I - Permanentes, Artigo 53 na Resolu\u00e7\u00e3o 006/90 (Regimento Interno), e d\u00e1 outras provid\u00eancias."}, {"id": "2122", "ano": "2002", "numero": "3", "tipo__sigla": "RES", "tipo__descricao": "Resolu\u00e7\u00e3o", "texto_integral": "http://sapl.primaveradoleste.mt.leg.br/media/sapl/public/normajuridica/2002/2122/resolucao-003-2002.pdf", "ementa": "Acrescenta Inciso VI no T\u00edtulo V - das Comiss\u00f5es, nas Sec\u00e7\u00e3o I - Permanentes, Artigo 53, na Resolu\u00e7\u00e3o 006/90 (Regimento Interno), e d\u00e1 outras provid\u00eancias."}, {"id": "2111", "ano": "2002", "numero": "2", "tipo__sigla": "RES", "tipo__descricao": "Resolu\u00e7\u00e3o", "texto_integral": "http://sapl.primaveradoleste.mt.leg.br/media/sapl/public/normajuridica/2002/2111/resolucao-002-2002.pdf", "ementa": "Autoriza o Senhor Presidente da C\u00e2mara Municipal de Primavera do\r\nLeste-MT., a formar Comiss\u00e3o Especial e d\u00e1 outras provid\u00eancias."}, {"id": "2123", "ano": "2002", "numero": "1", "tipo__sigla": "RES", "tipo__descricao": "Resolu\u00e7\u00e3o", "texto_integral": "http://sapl.primaveradoleste.mt.leg.br/media/sapl/public/normajuridica/2002/2123/resolucao-001-2002.pdf", "ementa": "DISP\u00d5E SOBRE A CONTRATA\u00c7\u00c3O DE PESSOAL PELA C\u00c2MARA MUNICIPAL, POR TEMPO DETERMINADO."}, {"id": "2131", "ano": "2001", "numero": "23", "tipo__sigla": "RES", "tipo__descricao": "Resolu\u00e7\u00e3o", "texto_integral": "http://sapl.primaveradoleste.mt.leg.br/media/sapl/public/normajuridica/2001/2131/resolucao-023-2001.pdf", "ementa": "Estima a Receita e fixa a Despesa da C\u00e2mara Municipal de Primavera do Leste, para o Exerc\u00edcio financeiro de 2.002, e d\u00e1 outras provid\u00eancias."}, {"id": "2132", "ano": "2001", "numero": "22", "tipo__sigla": "RES", "tipo__descricao": "Resolu\u00e7\u00e3o", "texto_integral": "http://sapl.primaveradoleste.mt.leg.br/media/sapl/public/normajuridica/2001/2132/resolucao-022-2001.pdf", "ementa": "DISP\u00d5E SOBRE A REESTRUTURA\u00c7\u00c3O DO PLANO DE CARGOS, CARREIRA E VENCIMENTOS DOS SERVIDORES DA C\u00c2MARA MUNICIPAL DE PRIMAVERA DO LESTE - MATO GROSSO."}, {"id": "2133", "ano": "2001", "numero": "21", "tipo__sigla": "RES", "tipo__descricao": "Resolu\u00e7\u00e3o", "texto_integral": "http://sapl.primaveradoleste.mt.leg.br/media/sapl/public/normajuridica/2001/2133/resolucao-021-2001.pdf", "ementa": "Autoriza a doa\u00e7\u00e3o de m\u00f3veis de propriedade da C\u00e2mara Municipal \u00e0 APAE - Associa\u00e7\u00e3o de Pais e Amigos Excepcionais de Primavera do Leste - MT."}, {"id": "2124", "ano": "2001", "numero": "20", "tipo__sigla": "RES", "tipo__descricao": "Resolu\u00e7\u00e3o", "texto_integral": "http://sapl.primaveradoleste.mt.leg.br/media/sapl/public/normajuridica/2001/2124/resolucao-020-2001.pdf", "ementa": "Autoriza o Senhor Presidente da C\u00e2mara Municipal de Primavera do\r\nLeste-MT., a formar Comiss\u00e3o Especial e d\u00e1 outras provid\u00eancias."}, {"id": "2145", "ano": "2001", "numero": "19", "tipo__sigla": "RES", "tipo__descricao": "Resolu\u00e7\u00e3o", "texto_integral": "http://sapl.primaveradoleste.mt.leg.br/media/sapl/public/normajuridica/2001/2145/resolucao-019-2001.pdf", "ementa": "Altera o Regimento Interno da C\u00e2mara Municipal e d\u00e1 outras provid\u00eancias."}, {"id": "2134", "ano": "2001", "numero": "18", "tipo__sigla": "RES", "tipo__descricao": "Resolu\u00e7\u00e3o", "texto_integral": "http://sapl.primaveradoleste.mt.leg.br/media/sapl/public/normajuridica/2001/2134/resolucao-018-2001.pdf", "ementa": "Cria o \"PODER LEGISLATIVO ITINERANTE\" da C\u00e2mara Municipal de Primavera do Leste - MT, e d\u00e1 outras provid\u00eancias."}, {"id": "2125", "ano": "2001", "numero": "17", "tipo__sigla": "RES", "tipo__descricao": "Resolu\u00e7\u00e3o", "texto_integral": "http://sapl.primaveradoleste.mt.leg.br/media/sapl/public/normajuridica/2001/2125/resolucao-017-2001.pdf", "ementa": "Autoriza o Senhor Presidente da C\u00e2mara Municipal de Primavera do\r\nLeste-MT., a formar Comiss\u00e3o Especial e d\u00e1 outras provid\u00eancias."}, {"id": "2126", "ano": "2001", "numero": "16", "tipo__sigla": "RES", "tipo__descricao": "Resolu\u00e7\u00e3o", "texto_integral": "http://sapl.primaveradoleste.mt.leg.br/media/sapl/public/normajuridica/2001/2126/resolucao-016-2001.pdf", "ementa": "Autoriza o Senhor Presidente da C\u00e2mara Municipal de Primavera do Leste-MT., a formar Comiss\u00e3o Especial e d\u00e1 outras provid\u00eancias."}, {"id": "2127", "ano": "2001", "numero": "15", "tipo__sigla": "RES", "tipo__descricao": "Resolu\u00e7\u00e3o", "texto_integral": "http://sapl.primaveradoleste.mt.leg.br/media/sapl/public/normajuridica/2001/2127/resolucao-015-2001.pdf", "ementa": "Autoriza o Senhor Presidente da C\u00e2mara Municipal de Primavera do\r\nLeste-MT., a formar Comiss\u00e3o Especial e d\u00e1 outras provid\u00eancias."}, {"id": "2135", "ano": "2001", "numero": "14", "tipo__sigla": "RES", "tipo__descricao": "Resolu\u00e7\u00e3o", "texto_integral": "http://sapl.primaveradoleste.mt.leg.br/media/sapl/public/normajuridica/2001/2135/resolucao-014-2001.pdf", "ementa": "Autoriza a doa\u00e7\u00e3o de m\u00f3veis de propriedade da C\u00e2mara Municipal \u00e0 Secretaria de Sa\u00fade e para o A.A. - Alco\u00f3licos An\u00f4nimos."}, {"id": "2128", "ano": "2001", "numero": "13", "tipo__sigla": "RES", "tipo__descricao": "Resolu\u00e7\u00e3o", "texto_integral": "http://sapl.primaveradoleste.mt.leg.br/media/sapl/public/normajuridica/2001/2128/resolucao-013-2001.pdf", "ementa": "Autoriza o Senhor Presidente da C\u00e2mara Municipal de Primavera do\r\nLeste-MT., a formar Comiss\u00e3o Especial e d\u00e1 outras provid\u00eancias."}, {"id": "2136", "ano": "2001", "numero": "12", "tipo__sigla": "RES", "tipo__descricao": "Resolu\u00e7\u00e3o", "texto_integral": "http://sapl.primaveradoleste.mt.leg.br/media/sapl/public/normajuridica/2001/2136/resolucao-012-2001.pdf", "ementa": "Cria comiss\u00e3o pr\u00f3-constru\u00e7\u00e3o da C\u00e2mara Municipal de Primavera do Leste e d\u00e1 outras provid\u00eancias."}, {"id": "2137", "ano": "2001", "numero": "11", "tipo__sigla": "RES", "tipo__descricao": "Resolu\u00e7\u00e3o", "texto_integral": "http://sapl.primaveradoleste.mt.leg.br/media/sapl/public/normajuridica/2001/2137/resolucao-011-2001.pdf", "ementa": "Altera a reda\u00e7\u00e3o do art. 110 do RI que disp\u00f5e sobre o dia e o hor\u00e1rio das sess\u00f5es da C\u00e2mara e d\u00e1 outras provid\u00eancias."}, {"id": "2138", "ano": "2001", "numero": "10", "tipo__sigla": "RES", "tipo__descricao": "Resolu\u00e7\u00e3o", "texto_integral": "http://sapl.primaveradoleste.mt.leg.br/media/sapl/public/normajuridica/2001/2138/resolucao-010-2001.pdf", "ementa": "Estabelece novo hor\u00e1rio para expediente da C\u00e2mara Municipal e d\u00e1 outras provid\u00eancias:"}, {"id": "2129", "ano": "2001", "numero": "9", "tipo__sigla": "RES", "tipo__descricao": "Resolu\u00e7\u00e3o", "texto_integral": "http://sapl.primaveradoleste.mt.leg.br/media/sapl/public/normajuridica/2001/2129/resolucao-009-2001.pdf", "ementa": "Autoriza o Senhor Presidente da C\u00e2mara Municipal de Primavera do\r\nLeste-MT., a formar Comiss\u00e3o Especial e d\u00e1 outras provid\u00eancias."}, {"id": "2139", "ano": "2001", "numero": "8", "tipo__sigla": "RES", "tipo__descricao": "Resolu\u00e7\u00e3o", "texto_integral": "http://sapl.primaveradoleste.mt.leg.br/media/sapl/public/normajuridica/2001/2139/resolucao-008-2001.pdf", "ementa": "Estabelece novo hor\u00e1rio para expediente da C\u00e2mara Municipal e d\u00e1 outras provid\u00eancias:"}, {"id": "2141", "ano": "2001", "numero": "7", "tipo__sigla": "RES", "tipo__descricao": "Resolu\u00e7\u00e3o", "texto_integral": "http://sapl.primaveradoleste.mt.leg.br/media/sapl/public/normajuridica/2001/2141/resolucao-007-2001.pdf", "ementa": "Altera a reda\u00e7\u00e3o do art. 110 do RI que disp\u00f5e sobre o dia e o hor\u00e1rio das sess\u00f5es da C\u00e2mara e d\u00e1 outras provid\u00eancias."}, {"id": "2140", "ano": "2001", "numero": "6", "tipo__sigla": "RES", "tipo__descricao": "Resolu\u00e7\u00e3o", "texto_integral": "http://sapl.primaveradoleste.mt.leg.br/media/sapl/public/normajuridica/2001/2140/resolucao-006-2001.pdf", "ementa": "Estabelece a estrutura do quadro de funcion\u00e1rios da C\u00e2mara Municipal, cria cargos e fun\u00e7\u00f5es e d\u00e1 outras provid\u00eancias:"}, {"id": "2130", "ano": "2001", "numero": "5", "tipo__sigla": "RES", "tipo__descricao": "Resolu\u00e7\u00e3o", "texto_integral": "http://sapl.primaveradoleste.mt.leg.br/media/sapl/public/normajuridica/2001/2130/resolucao-005-2001.pdf", "ementa": "Autoriza o Senhor Presidente da C\u00e2mara Municipal de Primavera do\r\nLeste-MT., a formar Comiss\u00e3o Especial e d\u00e1 outras provid\u00eancias."}, {"id": "2142", "ano": "2001", "numero": "4", "tipo__sigla": "RES", "tipo__descricao": "Resolu\u00e7\u00e3o", "texto_integral": "http://sapl.primaveradoleste.mt.leg.br/media/sapl/public/normajuridica/2001/2142/resolucao-004-2001.pdf", "ementa": "Disp\u00f5e sobre a altera\u00e7\u00e3o da resolu\u00e7\u00e3o 006/91 que estrutura o Quadro de Funcion\u00e1rios da C\u00e2mara Municipal."}, {"id": "2143", "ano": "2001", "numero": "3", "tipo__sigla": "RES", "tipo__descricao": "Resolu\u00e7\u00e3o", "texto_integral": "http://sapl.primaveradoleste.mt.leg.br/media/sapl/public/normajuridica/2001/2143/resolucao-003-2001.pdf", "ementa": "ARTIGO 1\u00ba - D\u00e1 nova reda\u00e7\u00e3o ao Cap\u00edtulo VII das Atas, Artigos 129,\r\nficando na seguinte forma:\r\n\r\n\u201cArtigo 129 \u2014 De cada Sess\u00e3o da C\u00e2mara, lavrar-se-\r\n\u00e0 Ata dos trabalhos, contendo os nomes dos Vereadores presentes e\r\nausentes, e uma exposi\u00e7\u00e3o sucinta dos assuntos tratados, que poder\u00e1\r\ndispensar a sua leitura\u201d.\r\n\r\nARTIGO 2\u00ba - Esta Resolu\u00e7\u00e3o entra em vigor na data de sua publica\u00e7\u00e3o,\r\nrevogadas as disposi\u00e7\u00f5es em contr\u00e1rio:"}, {"id": "2144", "ano": "2001", "numero": "2", "tipo__sigla": "RES", "tipo__descricao": "Resolu\u00e7\u00e3o", "texto_integral": "http://sapl.primaveradoleste.mt.leg.br/media/sapl/public/normajuridica/2001/2144/resolucao-002-2001.pdf", "ementa": "Autoriza a doa\u00e7\u00e3o de m\u00f3veis de propriedade da C\u00e2mara Municipal \u00e0 Secretaria de Educa\u00e7\u00e3o, Cultura, Esportes e Lazer."}, {"id": "2146", "ano": "2001", "numero": "1", "tipo__sigla": "RES", "tipo__descricao": "Resolu\u00e7\u00e3o", "texto_integral": "http://sapl.primaveradoleste.mt.leg.br/media/sapl/public/normajuridica/2001/2146/resolucao-001-2001.pdf", "ementa": "Autoriza o Senhor Presidente da C\u00e2mara Municipal de Primavera do Leste, Estado de Mato Grosso, a firmar contrato de loca\u00e7\u00e3o de im\u00f3vel e d\u00e1 outras provid\u00eancias."}, {"id": "2153", "ano": "2000", "numero": "8", "tipo__sigla": "RES", "tipo__descricao": "Resolu\u00e7\u00e3o", "texto_integral": "http://sapl.primaveradoleste.mt.leg.br/media/sapl/public/normajuridica/2000/2153/resolucao-008-2000.pdf", "ementa": "Disp\u00f5e sobre altera\u00e7\u00e3o do inciso III, do \u00a7 1\u00ba, \u00a7 4\u00ba e \u00a7 5\u00ba, do Artigo 115 do Regimento Interno."}, {"id": "2147", "ano": "2000", "numero": "7", "tipo__sigla": "RES", "tipo__descricao": "Resolu\u00e7\u00e3o", "texto_integral": "http://sapl.primaveradoleste.mt.leg.br/media/sapl/public/normajuridica/2000/2147/resolucao-007-2000.pdf", "ementa": "Autoriza o Senhor Presidente da C\u00e2mara Municipal de Primavera do\r\nLeste-MT., a formar Comiss\u00e3o Especial e d\u00e1 outras provid\u00eancias."}, {"id": "2149", "ano": "2000", "numero": "6", "tipo__sigla": "RES", "tipo__descricao": "Resolu\u00e7\u00e3o", "texto_integral": "http://sapl.primaveradoleste.mt.leg.br/media/sapl/public/normajuridica/2000/2149/resolucao-006-2000.pdf", "ementa": "Estima a Receita e fixa a Despesa da C\u00e2mara Municipal de Primavera do Leste, para o Exerc\u00edcio financeiro de 2.001, e d\u00e1 outras provid\u00eancias."}, {"id": "2150", "ano": "2000", "numero": "5", "tipo__sigla": "RES", "tipo__descricao": "Resolu\u00e7\u00e3o", "texto_integral": "http://sapl.primaveradoleste.mt.leg.br/media/sapl/public/normajuridica/2000/2150/resolucao-005-2000.pdf", "ementa": "Extin\u00e7\u00e3o do mandato do Vereador Mauri Petry."}, {"id": "2148", "ano": "2000", "numero": "4", "tipo__sigla": "RES", "tipo__descricao": "Resolu\u00e7\u00e3o", "texto_integral": "http://sapl.primaveradoleste.mt.leg.br/media/sapl/public/normajuridica/2000/2148/resolucao-004-2000.pdf", "ementa": "Autoriza o Senhor Presidente da C\u00e2mara Municipal de Primavera do\r\nLeste-MT., a formar Comiss\u00e3o Especial e d\u00e1 outras provid\u00eancias."}, {"id": "2151", "ano": "2000", "numero": "3", "tipo__sigla": "RES", "tipo__descricao": "Resolu\u00e7\u00e3o", "texto_integral": "http://sapl.primaveradoleste.mt.leg.br/media/sapl/public/normajuridica/2000/2151/resolucao-003-2000.pdf", "ementa": "Autoriza a concess\u00e3o de licen\u00e7a a Vereador e a convoca\u00e7\u00e3o de substituto e d\u00e1 outras provid\u00eancias."}, {"id": "2152", "ano": "2000", "numero": "2", "tipo__sigla": "RES", "tipo__descricao": "Resolu\u00e7\u00e3o", "texto_integral": "http://sapl.primaveradoleste.mt.leg.br/media/sapl/public/normajuridica/2000/2152/resolucao-002-2000.pdf", "ementa": "Cria Comiss\u00e3o de Investiga\u00e7\u00e3o e Processantes, e d\u00e1 outras provid\u00eancias."}, {"id": "2154", "ano": "2000", "numero": "1", "tipo__sigla": "RES", "tipo__descricao": "Resolu\u00e7\u00e3o", "texto_integral": "http://sapl.primaveradoleste.mt.leg.br/media/sapl/public/normajuridica/2000/2154/resolucao-001-2000.pdf", "ementa": "Autoriza o Senhor Presidente da C\u00e2mara Municipal de Primavera do Leste, Estado de Mato Grosso, a firmar contrato de loca\u00e7\u00e3o de im\u00f3vel e d\u00e1 outras provid\u00eancias."}, {"id": "2156", "ano": "1999", "numero": "6", "tipo__sigla": "RES", "tipo__descricao": "Resolu\u00e7\u00e3o", "texto_integral": "http://sapl.primaveradoleste.mt.leg.br/media/sapl/public/normajuridica/1999/2156/resolucao-006-1999.pdf", "ementa": "Estima a Receita e fixa a Despesa da C\u00e2mara Municipal de Primavera do Leste, para o Exerc\u00edcio financeiro de 2.000, e d\u00e1 outras provid\u00eancias."}, {"id": "2157", "ano": "1999", "numero": "5", "tipo__sigla": "RES", "tipo__descricao": "Resolu\u00e7\u00e3o", "texto_integral": "http://sapl.primaveradoleste.mt.leg.br/media/sapl/public/normajuridica/1999/2157/resolucao-005-1999.pdf", "ementa": "Disp\u00f5e sobre a equipara\u00e7\u00e3o dos sal\u00e1rios dos funcion\u00e1rios da C\u00e2mara Municipal com cargos equivalentes da Prefeitura Municipal."}, {"id": "2158", "ano": "1999", "numero": "4", "tipo__sigla": "RES", "tipo__descricao": "Resolu\u00e7\u00e3o", "texto_integral": "http://sapl.primaveradoleste.mt.leg.br/media/sapl/public/normajuridica/1999/2158/resolucao-004-1999.pdf", "ementa": "Autoriza a concess\u00e3o de licen\u00e7a a Vereador e a convoca\u00e7\u00e3o de substituto e d\u00e1 outras provid\u00eancias."}, {"id": "2155", "ano": "1999", "numero": "3", "tipo__sigla": "RES", "tipo__descricao": "Resolu\u00e7\u00e3o", "texto_integral": "http://sapl.primaveradoleste.mt.leg.br/media/sapl/public/normajuridica/1999/2155/resolucao-003-1999.pdf", "ementa": "Autoriza o Senhor Presidente da C\u00e2mara Municipal de Primavera do\r\nLeste-MT., a formar Comiss\u00e3o Especial e d\u00e1 outras provid\u00eancias."}, {"id": "2159", "ano": "1999", "numero": "2", "tipo__sigla": "RES", "tipo__descricao": "Resolu\u00e7\u00e3o", "texto_integral": "http://sapl.primaveradoleste.mt.leg.br/media/sapl/public/normajuridica/1999/2159/resolucao-002-1999.pdf", "ementa": "Altera a Resolu\u00e7\u00e3o n\u00ba 006/90, \"Regimento Interno da C\u00e2mara\"."}, {"id": "2160", "ano": "1999", "numero": "1", "tipo__sigla": "RES", "tipo__descricao": "Resolu\u00e7\u00e3o", "texto_integral": "http://sapl.primaveradoleste.mt.leg.br/media/sapl/public/normajuridica/1999/2160/resolucao-001-1999.pdf", "ementa": "Autoriza o Senhor Presidente da C\u00e2mara Municipal de Primavera do Leste, Estado de Mato Grosso, a firmar contrato de loca\u00e7\u00e3o de im\u00f3vel e d\u00e1 outras provid\u00eancias."}, {"id": "2161", "ano": "1998", "numero": "8", "tipo__sigla": "RES", "tipo__descricao": "Resolu\u00e7\u00e3o", "texto_integral": "http://sapl.primaveradoleste.mt.leg.br/media/sapl/public/normajuridica/1998/2161/resolucao-008-1998.pdf", "ementa": "Autoriza o Senhor Presidente da C\u00e2mara Municipal de Primavera do\r\nLeste-MT., a formar Comiss\u00e3o Especial e d\u00e1 outras provid\u00eancias."}, {"id": "2162", "ano": "1998", "numero": "6", "tipo__sigla": "RES", "tipo__descricao": "Resolu\u00e7\u00e3o", "texto_integral": "http://sapl.primaveradoleste.mt.leg.br/media/sapl/public/normajuridica/1998/2162/resolucao-006-1998.pdf", "ementa": "Autoriza o Senhor Presidente da C\u00e2mara Municipal de Primavera do\r\nLeste-MT., a formar Comiss\u00e3o Especial e d\u00e1 outras provid\u00eancias."}, {"id": "2163", "ano": "1998", "numero": "5", "tipo__sigla": "RES", "tipo__descricao": "Resolu\u00e7\u00e3o", "texto_integral": "http://sapl.primaveradoleste.mt.leg.br/media/sapl/public/normajuridica/1998/2163/resolucao-005-1998.pdf", "ementa": "Autoriza o Senhor Presidente da C\u00e2mara Municipal de Primavera do\r\nLeste-MT., a formar Comiss\u00e3o Especial e d\u00e1 outras provid\u00eancias."}, {"id": "2167", "ano": "1998", "numero": "7", "tipo__sigla": "RES", "tipo__descricao": "Resolu\u00e7\u00e3o", "texto_integral": "http://sapl.primaveradoleste.mt.leg.br/media/sapl/public/normajuridica/1998/2167/resolucao-007-1998.pdf", "ementa": "Autoriza a concess\u00e3o de licen\u00e7a ao Vereador Paulo Renato Zeni, e d\u00e1 outras provid\u00eancias."}, {"id": "2164", "ano": "1998", "numero": "4", "tipo__sigla": "RES", "tipo__descricao": "Resolu\u00e7\u00e3o", "texto_integral": "http://sapl.primaveradoleste.mt.leg.br/media/sapl/public/normajuridica/1998/2164/resolucao-004-1998.pdf", "ementa": "Autoriza o Senhor Presidente da C\u00e2mara Municipal de Primavera do\r\nLeste-MT., a formar Comiss\u00e3o Especial e d\u00e1 outras provid\u00eancias."}, {"id": "2165", "ano": "1998", "numero": "3", "tipo__sigla": "RES", "tipo__descricao": "Resolu\u00e7\u00e3o", "texto_integral": "http://sapl.primaveradoleste.mt.leg.br/media/sapl/public/normajuridica/1998/2165/resolucao-003-1998.pdf", "ementa": "Autoriza o Senhor Presidente da C\u00e2mara Municipal de Primavera do\r\nLeste-MT., a formar Comiss\u00e3o Especial e d\u00e1 outras provid\u00eancias."}, {"id": "2166", "ano": "1998", "numero": "2", "tipo__sigla": "RES", "tipo__descricao": "Resolu\u00e7\u00e3o", "texto_integral": "http://sapl.primaveradoleste.mt.leg.br/media/sapl/public/normajuridica/1998/2166/resolucao-002-1998.pdf", "ementa": "Autoriza o Senhor Presidente da C\u00e2mara Municipal de Primavera do\r\nLeste-MT., a formar Comiss\u00e3o Especial e d\u00e1 outras provid\u00eancias."}, {"id": "2168", "ano": "1998", "numero": "1", "tipo__sigla": "RES", "tipo__descricao": "Resolu\u00e7\u00e3o", "texto_integral": "http://sapl.primaveradoleste.mt.leg.br/media/sapl/public/normajuridica/1998/2168/resolucao-001-1998.pdf", "ementa": "Autoriza o Senhor Presidente da C\u00e2mara Municipal de Primavera do Leste, Estado de Mato Grosso, a firmar contrato de loca\u00e7\u00e3o de im\u00f3vel e d\u00e1 outras provid\u00eancias."}, {"id": "2169", "ano": "1997", "numero": "4", "tipo__sigla": "RES", "tipo__descricao": "Resolu\u00e7\u00e3o", "texto_integral": "http://sapl.primaveradoleste.mt.leg.br/media/sapl/public/normajuridica/1997/2169/resolucao-004-1997.pdf", "ementa": "Autoriza o Senhor Presidente da C\u00e2mara Municipal de Primavera do\r\nLeste-MT., a formar Comiss\u00e3o Especial e d\u00e1 outras provid\u00eancias."}, {"id": "2171", "ano": "1997", "numero": "3", "tipo__sigla": "RES", "tipo__descricao": "Resolu\u00e7\u00e3o", "texto_integral": "http://sapl.primaveradoleste.mt.leg.br/media/sapl/public/normajuridica/1997/2171/resolucao-003-1997.pdf", "ementa": "Altera a Resolu\u00e7\u00e3o n\u00ba 006/90, Regimento Interno da C\u00e2mara."}, {"id": "2170", "ano": "1997", "numero": "2", "tipo__sigla": "RES", "tipo__descricao": "Resolu\u00e7\u00e3o", "texto_integral": "http://sapl.primaveradoleste.mt.leg.br/media/sapl/public/normajuridica/1997/2170/resolucao-002-1997.pdf", "ementa": "Autoriza o Senhor Presidente da C\u00e2mara Municipal de Primavera do Leste, Estado de Mato Grosso, a formar comiss\u00e3o especial e d\u00e1 outras provid\u00eancias."}, {"id": "2172", "ano": "1997", "numero": "1", "tipo__sigla": "RES", "tipo__descricao": "Resolu\u00e7\u00e3o", "texto_integral": "http://sapl.primaveradoleste.mt.leg.br/media/sapl/public/normajuridica/1997/2172/resolucao-001-1997.pdf", "ementa": "Autoriza o Senhor Presidente da C\u00e2mara Municipal de Primavera do Leste, Estado de Mato Grosso, a firmar contrato de loca\u00e7\u00e3o de im\u00f3vel e d\u00e1 outras provid\u00eancias."}, {"id": "2182", "ano": "1996", "numero": "14", "tipo__sigla": "RES", "tipo__descricao": "Resolu\u00e7\u00e3o", "texto_integral": "http://sapl.primaveradoleste.mt.leg.br/media/sapl/public/normajuridica/1996/2182/resolucao-014-1996.pdf", "ementa": "AUTORIZA A CONCESS\u00c3O DE LICEN\u00c7A A VEREADOR E A CONVOCA\u00c7\u00c3O DE SUBSTITUTO, E D\u00c1 OUTRAS PROVID\u00caNCIAS."}, {"id": "2221", "ano": "1996", "numero": "13", "tipo__sigla": "RES", "tipo__descricao": "Resolu\u00e7\u00e3o", "texto_integral": "http://sapl.primaveradoleste.mt.leg.br/media/sapl/public/normajuridica/1996/2221/resolucao-013-1996.pdf", "ementa": "Disp\u00f5e sobre a fixa\u00e7\u00e3o da renumera\u00e7\u00e3o dos vereadores para a legislatura que se inicia em 1997 a 2000 e d\u00e1 outras provid\u00eancias."}, {"id": "2173", "ano": "1996", "numero": "12", "tipo__sigla": "RES", "tipo__descricao": "Resolu\u00e7\u00e3o", "texto_integral": "http://sapl.primaveradoleste.mt.leg.br/media/sapl/public/normajuridica/1996/2173/resolucao-012-1996.pdf", "ementa": "Autorizo o senhor Presidente da C\u00e2mara Municipal\r\nde Primavera do Leste-MT, a formar Comiss\u00e3o Especial e d\u00e1 outras\r\nprovid\u00eancias."}, {"id": "2174", "ano": "1996", "numero": "11", "tipo__sigla": "RES", "tipo__descricao": "Resolu\u00e7\u00e3o", "texto_integral": "http://sapl.primaveradoleste.mt.leg.br/media/sapl/public/normajuridica/1996/2174/resolucao-011-1996.pdf", "ementa": "Autorizo o senhor Presidente da C\u00e2mara Municipal\r\nde Primavera do Leste-MT, a formar Comiss\u00e3o Especial e d\u00e1 outras\r\nprovid\u00eancias."}, {"id": "2175", "ano": "1996", "numero": "10", "tipo__sigla": "RES", "tipo__descricao": "Resolu\u00e7\u00e3o", "texto_integral": "http://sapl.primaveradoleste.mt.leg.br/media/sapl/public/normajuridica/1996/2175/resolucao-010-1996.pdf", "ementa": "Autorizo o senhor Presidente da C\u00e2mara Municipal\r\nde Primavera do Leste-MT, a formar Comiss\u00e3o Especial e d\u00e1 outras\r\nprovid\u00eancias."}, {"id": "2176", "ano": "1996", "numero": "9", "tipo__sigla": "RES", "tipo__descricao": "Resolu\u00e7\u00e3o", "texto_integral": "http://sapl.primaveradoleste.mt.leg.br/media/sapl/public/normajuridica/1996/2176/resolucao-009-1996.pdf", "ementa": "Autorizo o senhor Presidente da C\u00e2mara Municipal\r\nde Primavera do Leste-MT, a formar Comiss\u00e3o Especial e d\u00e1 outras\r\nprovid\u00eancias."}, {"id": "2177", "ano": "1996", "numero": "8", "tipo__sigla": "RES", "tipo__descricao": "Resolu\u00e7\u00e3o", "texto_integral": "http://sapl.primaveradoleste.mt.leg.br/media/sapl/public/normajuridica/1996/2177/resolucao-008-1996.pdf", "ementa": "Autorizo o senhor Presidente da C\u00e2mara Municipal\r\nde Primavera do Leste-MT, a formar Comiss\u00e3o Especial e d\u00e1 outras\r\nprovid\u00eancias."}, {"id": "2183", "ano": "1996", "numero": "7", "tipo__sigla": "RES", "tipo__descricao": "Resolu\u00e7\u00e3o", "texto_integral": "http://sapl.primaveradoleste.mt.leg.br/media/sapl/public/normajuridica/1996/2183/resolucao-007-1996.pdf", "ementa": "Autoriza o Senhor Presidente da C\u00e2mara Municipal de Primavera do Leste, Estado de Mato Grosso, a firmar contrato de loca\u00e7\u00e3o de im\u00f3vel, e d\u00e1 outras provid\u00eancias."}, {"id": "2185", "ano": "1996", "numero": "6", "tipo__sigla": "RES", "tipo__descricao": "Resolu\u00e7\u00e3o", "texto_integral": "http://sapl.primaveradoleste.mt.leg.br/media/sapl/public/normajuridica/1996/2185/resolucao-006-1996.pdf", "ementa": "Estabelece normas para a contrata\u00e7\u00e3o de pessoal, por tempo determinado e dispensa."}, {"id": "2184", "ano": "1996", "numero": "5", "tipo__sigla": "RES", "tipo__descricao": "Resolu\u00e7\u00e3o", "texto_integral": "http://sapl.primaveradoleste.mt.leg.br/media/sapl/public/normajuridica/1996/2184/resolucao-005-1996.pdf", "ementa": "AUTORIZA A CONCESS\u00c3O DE LICEN\u00c7A A VEREADOR E A CONVOCA\u00c7\u00c3O DE SUBSTITUTO, E D\u00c1 OUTRAS PROVID\u00caNCIAS."}, {"id": "2178", "ano": "1996", "numero": "4", "tipo__sigla": "RES", "tipo__descricao": "Resolu\u00e7\u00e3o", "texto_integral": "http://sapl.primaveradoleste.mt.leg.br/media/sapl/public/normajuridica/1996/2178/resolucao-004-1996.pdf", "ementa": "Autorizo o senhor Presidente da C\u00e2mara Municipal\r\nde Primavera do Leste-MT, a formar Comiss\u00e3o Especial e d\u00e1 outras\r\nprovid\u00eancias."}, {"id": "2179", "ano": "1996", "numero": "3", "tipo__sigla": "RES", "tipo__descricao": "Resolu\u00e7\u00e3o", "texto_integral": "http://sapl.primaveradoleste.mt.leg.br/media/sapl/public/normajuridica/1996/2179/resolucao-003-1996.pdf", "ementa": "Autorizo o senhor Presidente da C\u00e2mara Municipal\r\nde Primavera do Leste-MT, a formar Comiss\u00e3o Especial e d\u00e1 outras\r\nprovid\u00eancias."}, {"id": "2180", "ano": "1996", "numero": "2", "tipo__sigla": "RES", "tipo__descricao": "Resolu\u00e7\u00e3o", "texto_integral": "http://sapl.primaveradoleste.mt.leg.br/media/sapl/public/normajuridica/1996/2180/resolucao-002-1996.pdf", "ementa": "Cria Comiss\u00e3o de Investiga\u00e7\u00f5es e Processantes, e\r\nda outras provid\u00eancias."}, {"id": "2181", "ano": "1996", "numero": "1", "tipo__sigla": "RES", "tipo__descricao": "Resolu\u00e7\u00e3o", "texto_integral": "http://sapl.primaveradoleste.mt.leg.br/media/sapl/public/normajuridica/1996/2181/resolucao-001-1996.pdf", "ementa": "Autorizo o senhor Presidente da C\u00e2mara Municipal\r\nde Primavera do Leste-MT, a formar Comiss\u00e3o Especial e d\u00e1 outras\r\nprovid\u00eancias."}, {"id": "2186", "ano": "1995", "numero": "7", "tipo__sigla": "RES", "tipo__descricao": "Resolu\u00e7\u00e3o", "texto_integral": "http://sapl.primaveradoleste.mt.leg.br/media/sapl/public/normajuridica/1995/2186/resolucao-007-1995.pdf", "ementa": "Autorizo o senhor Presidente da C\u00e2mara Municipal\r\nde Primavera do Leste-MT, a formar Comiss\u00e3o Especial e d\u00e1 outras\r\nprovid\u00eancias."}, {"id": "2189", "ano": "1995", "numero": "6", "tipo__sigla": "RES", "tipo__descricao": "Resolu\u00e7\u00e3o", "texto_integral": "http://sapl.primaveradoleste.mt.leg.br/media/sapl/public/normajuridica/1995/2189/resolucao-006-1995.pdf", "ementa": "Autoriza o Senhor Presidente da C\u00e2mara Municipal de Primavera do Leste, Estado de Mato Grosso, a firmar contrato de loca\u00e7\u00e3o de im\u00f3vel, e d\u00e1 outras provid\u00eancias."}, {"id": "2190", "ano": "1995", "numero": "5", "tipo__sigla": "RES", "tipo__descricao": "Resolu\u00e7\u00e3o", "texto_integral": "http://sapl.primaveradoleste.mt.leg.br/media/sapl/public/normajuridica/1995/2190/resolucao-005-1995.pdf", "ementa": "Estabelece novo dia, com o mesmo hor\u00e1rio para realiza\u00e7\u00e3o das Sess\u00f5es Ordin\u00e1rias da C\u00e2mara Municipal de Primavera do Leste-MT, e d\u00e1 outras provid\u00eancias."}, {"id": "2187", "ano": "1995", "numero": "4", "tipo__sigla": "RES", "tipo__descricao": "Resolu\u00e7\u00e3o", "texto_integral": "http://sapl.primaveradoleste.mt.leg.br/media/sapl/public/normajuridica/1995/2187/resolucao-004-1995.pdf", "ementa": "Autorizo o senhor Presidente da C\u00e2mara Municipal\r\nde Primavera do Leste-MT, a formar Comiss\u00e3o Especial e d\u00e1 outras\r\nprovid\u00eancias."}, {"id": "2188", "ano": "1995", "numero": "3", "tipo__sigla": "RES", "tipo__descricao": "Resolu\u00e7\u00e3o", "texto_integral": "http://sapl.primaveradoleste.mt.leg.br/media/sapl/public/normajuridica/1995/2188/resolucao-003-1995.pdf", "ementa": "Autorizo o senhor presidente da C\u00e2mara Municipal de Primavera do Leste - MT, a formar Comiss\u00e3o Especial e d\u00e1 outras provid\u00eancias."}, {"id": "2191", "ano": "1995", "numero": "2", "tipo__sigla": "RES", "tipo__descricao": "Resolu\u00e7\u00e3o", "texto_integral": "http://sapl.primaveradoleste.mt.leg.br/media/sapl/public/normajuridica/1995/2191/resolucao-002-1995.pdf", "ementa": "Autorizo o Senhor Presidente da C\u00e2mara Municipal de Primavera do Leste, Estado de Mato Grosso, a formar Comiss\u00e3o Especial e d\u00e1 outras provid\u00eancias."}, {"id": "2192", "ano": "1995", "numero": "1", "tipo__sigla": "RES", "tipo__descricao": "Resolu\u00e7\u00e3o", "texto_integral": "http://sapl.primaveradoleste.mt.leg.br/media/sapl/public/normajuridica/1995/2192/resolucao-001-1995.pdf", "ementa": "Autorizo o Senhor Presidente da C\u00e2mara Municipal de Primavera do Leste, Estado de Mato Grosso, a formar Comiss\u00e3o Especial e d\u00e1 outras provid\u00eancias."}, {"id": "2193", "ano": "1994", "numero": "4", "tipo__sigla": "RES", "tipo__descricao": "Resolu\u00e7\u00e3o", "texto_integral": "http://sapl.primaveradoleste.mt.leg.br/media/sapl/public/normajuridica/1994/2193/resolucao-004-1994.pdf", "ementa": "Autoriza o Senhor Presidente da C\u00e2mara Municipal de Primavera do Leste, Estado de Mato Grosso, a firmar contrato de Loca\u00e7\u00e3o de Im\u00f3vel, e d\u00e1 outras provid\u00eancias."}, {"id": "2194", "ano": "1994", "numero": "3", "tipo__sigla": "RES", "tipo__descricao": "Resolu\u00e7\u00e3o", "texto_integral": "http://sapl.primaveradoleste.mt.leg.br/media/sapl/public/normajuridica/1994/2194/resolucao-003-1994.pdf", "ementa": "Autoriza a concess\u00e3o de licen\u00e7a a Vereador e a convoca\u00e7\u00e3o do substituto legal."}, {"id": "2195", "ano": "1994", "numero": "2", "tipo__sigla": "RES", "tipo__descricao": "Resolu\u00e7\u00e3o", "texto_integral": "http://sapl.primaveradoleste.mt.leg.br/media/sapl/public/normajuridica/1994/2195/resolucao-002-1994.pdf", "ementa": "Estabelece novo dia, com o mesmo hor\u00e1rio para realiza\u00e7\u00e3o das Sess\u00f5es Ordin\u00e1rias da C\u00e2mara Municipal de Primavera do Leste-MT, e d\u00e1 outras provid\u00eancias."}, {"id": "2196", "ano": "1994", "numero": "1", "tipo__sigla": "RES", "tipo__descricao": "Resolu\u00e7\u00e3o", "texto_integral": "http://sapl.primaveradoleste.mt.leg.br/media/sapl/public/normajuridica/1994/2196/resolucao-001-1994.pdf", "ementa": "Autoriza o Senhor Presidente da C\u00e2mara Municipal de Primavera do Leste, Estado de Mato Grosso, a firmar contrato de Loca\u00e7\u00e3o de Im\u00f3vel, e d\u00e1 outras provid\u00eancias."}, {"id": "2198", "ano": "1993", "numero": "3", "tipo__sigla": "RES", "tipo__descricao": "Resolu\u00e7\u00e3o", "texto_integral": "http://sapl.primaveradoleste.mt.leg.br/media/sapl/public/normajuridica/1993/2198/resolucao-003-1993.pdf", "ementa": "AUTORIZA A CONCESS\u00c3O DE LICEN\u00c7A A VEREADOR E A CONVOCA\u00c7\u00c3O DE SUBSTITUTO."}, {"id": "2197", "ano": "1993", "numero": "2", "tipo__sigla": "RES", "tipo__descricao": "Resolu\u00e7\u00e3o", "texto_integral": "http://sapl.primaveradoleste.mt.leg.br/media/sapl/public/normajuridica/1993/2197/resolucao-002-1993.pdf", "ementa": "Autoriza o Senhor Presidente da C\u00e2mara Municipal de Primavera do Leste, Estado de Mato Grosso, a firmar contrato de Loca\u00e7\u00e3o de Im\u00f3vel, e d\u00e1 outras provid\u00eancias."}, {"id": "2199", "ano": "1993", "numero": "1", "tipo__sigla": "RES", "tipo__descricao": "Resolu\u00e7\u00e3o", "texto_integral": "http://sapl.primaveradoleste.mt.leg.br/media/sapl/public/normajuridica/1993/2199/resolucao-001-1993.pdf", "ementa": "Autoriza o Senhor Presidente da C\u00e2mara Municipal de Primavera do Leste, Estado de Mato Grosso, a firmar contrato de Loca\u00e7\u00e3o de Im\u00f3vel, e d\u00e1 outras provid\u00eancias."}, {"id": "2200", "ano": "1992", "numero": "4", "tipo__sigla": "RES", "tipo__descricao": "Resolu\u00e7\u00e3o", "texto_integral": "http://sapl.primaveradoleste.mt.leg.br/media/sapl/public/normajuridica/1992/2200/resolucao-004-1992.pdf", "ementa": "Autoriza o Senhor Presidente da C\u00e2mara Municipal de Primavera do Leste, Estado de Mato Grosso, a firmar Contrato de Loca\u00e7\u00e3o de Im\u00f3vel e d\u00e1 outras provid\u00eancias."}, {"id": "2201", "ano": "1992", "numero": "3", "tipo__sigla": "RES", "tipo__descricao": "Resolu\u00e7\u00e3o", "texto_integral": "http://sapl.primaveradoleste.mt.leg.br/media/sapl/public/normajuridica/1992/2201/resolucao-003-1992.pdf", "ementa": "Disp\u00f5e sobre a fixa\u00e7\u00e3o da renumera\u00e7\u00e3o - dos Vereadores para a legislatura que se inicia em 1993 e d\u00e1 outras provid\u00eancias:"}, {"id": "2202", "ano": "1992", "numero": "2", "tipo__sigla": "RES", "tipo__descricao": "Resolu\u00e7\u00e3o", "texto_integral": "http://sapl.primaveradoleste.mt.leg.br/media/sapl/public/normajuridica/1992/2202/resolucao-002-1992.pdf", "ementa": "Concede licen\u00e7a para tratamento de sa\u00fade ao Vereador ERES MACHADO - (PDT)"}, {"id": "2203", "ano": "1992", "numero": "1", "tipo__sigla": "RES", "tipo__descricao": "Resolu\u00e7\u00e3o", "texto_integral": "http://sapl.primaveradoleste.mt.leg.br/media/sapl/public/normajuridica/1992/2203/resolucao-001-1992.pdf", "ementa": "Autoriza o Senhor Presidente da C\u00e2mara Municipal de Primavera do Leste, Estado de Mato Grosso, a firmar contrato de Loca\u00e7\u00e3o de im\u00f3vel, e d\u00e1 outras provid\u00eancias."}, {"id": "2204", "ano": "1991", "numero": "8", "tipo__sigla": "RES", "tipo__descricao": "Resolu\u00e7\u00e3o", "texto_integral": "http://sapl.primaveradoleste.mt.leg.br/media/sapl/public/normajuridica/1991/2204/resolucao-008-1991.pdf", "ementa": "Prorroga o prazo de inscri\u00e7\u00e3o para o CONCURSO P\u00daBLICO N\u00ba 01/91, e d\u00e1 outras provid\u00eancias."}, {"id": "2205", "ano": "1991", "numero": "7", "tipo__sigla": "RES", "tipo__descricao": "Resolu\u00e7\u00e3o", "texto_integral": "http://sapl.primaveradoleste.mt.leg.br/media/sapl/public/normajuridica/1991/2205/resolucao-007-1991.pdf", "ementa": "Modifica a reda\u00e7\u00e3o dos Incisos II e III, do Artigo 1\u00ba, e os Incisos do Artigo 2\u00ba, da Resolu\u00e7\u00e3o n\u00ba 006/91, de 27 de Setembro de 1.991, e d\u00e1 outras provid\u00eancias."}, {"id": "2206", "ano": "1991", "numero": "6", "tipo__sigla": "RES", "tipo__descricao": "Resolu\u00e7\u00e3o", "texto_integral": "http://sapl.primaveradoleste.mt.leg.br/media/sapl/public/normajuridica/1991/2206/resolucao-006-1991.pdf", "ementa": "Estrutura o Quadro de Funcion\u00e1rios da C\u00e2mara Municipal, cria cargos e fun\u00e7\u00f5es, e d\u00e1 outras provid\u00eancias:"}, {"id": "2207", "ano": "1991", "numero": "5", "tipo__sigla": "RES", "tipo__descricao": "Resolu\u00e7\u00e3o", "texto_integral": "http://sapl.primaveradoleste.mt.leg.br/media/sapl/public/normajuridica/1991/2207/resolucao-005-1991.pdf", "ementa": "Autoriza o Senhor Presidente da C\u00e2mara Municipal de Primavera do Leste, Estado de Mato Grosso, a firmar contrato de Loca\u00e7\u00e3o de im\u00f3vel, e d\u00e1 outras provid\u00eancias."}, {"id": "2210", "ano": "1991", "numero": "4", "tipo__sigla": "RES", "tipo__descricao": "Resolu\u00e7\u00e3o", "texto_integral": "http://sapl.primaveradoleste.mt.leg.br/media/sapl/public/normajuridica/1991/2210/resolucao-004-1991.pdf", "ementa": "Cria Comiss\u00e3o Parlamentar de Inqu\u00e9rito e d\u00e1 outras provid\u00eancias."}, {"id": "2208", "ano": "1991", "numero": "3", "tipo__sigla": "RES", "tipo__descricao": "Resolu\u00e7\u00e3o", "texto_integral": "http://sapl.primaveradoleste.mt.leg.br/media/sapl/public/normajuridica/1991/2208/resolucao-003-1991.pdf", "ementa": "Concede licen\u00e7a para tratamento de sa\u00fade ao Vereador ERES MACHADO."}, {"id": "2209", "ano": "1991", "numero": "2", "tipo__sigla": "RES", "tipo__descricao": "Resolu\u00e7\u00e3o", "texto_integral": "http://sapl.primaveradoleste.mt.leg.br/media/sapl/public/normajuridica/1991/2209/resolucao-002-1991.pdf", "ementa": "Modifica a reda\u00e7\u00e3o do Artigo 170 e seu Par\u00e1grafo \u00fanico do Regimento Interno da C\u00e2mara Municipal de Primavera do Leste - MT."}, {"id": "2211", "ano": "1991", "numero": "1", "tipo__sigla": "RES", "tipo__descricao": "Resolu\u00e7\u00e3o", "texto_integral": "http://sapl.primaveradoleste.mt.leg.br/media/sapl/public/normajuridica/1991/2211/resolucao-001-1991.pdf", "ementa": "Cria Comiss\u00e3o Especial e d\u00e1 outras provid\u00eancias."}, {"id": "2212", "ano": "1990", "numero": "6", "tipo__sigla": "RES", "tipo__descricao": "Resolu\u00e7\u00e3o", "texto_integral": "http://sapl.primaveradoleste.mt.leg.br/media/sapl/public/normajuridica/1990/2212/resolucao-006-1990.pdf", "ementa": "Aprova Contas do Poder Executivo Municipal, referentes ao exerc\u00edcio de 1988."}, {"id": "2213", "ano": "1990", "numero": "5", "tipo__sigla": "RES", "tipo__descricao": "Resolu\u00e7\u00e3o", "texto_integral": "http://sapl.primaveradoleste.mt.leg.br/media/sapl/public/normajuridica/1990/2213/resolucao-005-1990.pdf", "ementa": "Estabelece novo hor\u00e1rio e dia para realiza\u00e7\u00e3o das sess\u00f5es ordin\u00e1rias da C\u00e2mara Municipal de Primavera do Leste-MT, e d\u00e1 outras provid\u00eancias."}, {"id": "2214", "ano": "1990", "numero": "4", "tipo__sigla": "RES", "tipo__descricao": "Resolu\u00e7\u00e3o", "texto_integral": "http://sapl.primaveradoleste.mt.leg.br/media/sapl/public/normajuridica/1990/2214/resolucao-004-1990.pdf", "ementa": "Revoga as Resolu\u00e7\u00f5es n\u00bas. 001/89, de 24 de fevereiro de 1989, 03/89 de 30 de junho de 1989, 001/90, de 20 de fevereiro de 1990 e d\u00e1 outras provid\u00eancias."}, {"id": "2216", "ano": "1990", "numero": "3", "tipo__sigla": "RES", "tipo__descricao": "Resolu\u00e7\u00e3o", "texto_integral": "http://sapl.primaveradoleste.mt.leg.br/media/sapl/public/normajuridica/1990/2216/resolucao-003-1990.pdf", "ementa": "Modifica a reda\u00e7\u00e3o de diversos dispositivos da Lei Org\u00e2nica do Munic\u00edpio de Primavera do Leste-MT., e d\u00e1 outras provid\u00eancias."}, {"id": "2215", "ano": "1990", "numero": "1", "tipo__sigla": "RES", "tipo__descricao": "Resolu\u00e7\u00e3o", "texto_integral": "http://sapl.primaveradoleste.mt.leg.br/media/sapl/public/normajuridica/1990/2215/resolucao-001-1990_7A1XTR7.pdf", "ementa": "Fixa os subs\u00eddios dos Vereadores a C\u00e2mara Municipal de Primavera do Leste, Estado de Mato Grosso, para o per\u00edodo de 1\u00ba de Fevereiro de 1990, \u00e0 31 de Dezembro de 1992."}, {"id": "2218", "ano": "1989", "numero": "3", "tipo__sigla": "RES", "tipo__descricao": "Resolu\u00e7\u00e3o", "texto_integral": "http://sapl.primaveradoleste.mt.leg.br/media/sapl/public/normajuridica/1989/2218/resolucao-003-1989.pdf", "ementa": "Fixa os subs\u00eddios dos Vereadores a C\u00e2mara Municipal de Primavera do Leste, Estado de Mato Grosso, para o per\u00edodo de 1\u00ba de Junho de 1989 \u00e0 31 de Dezembro  de 1992."}, {"id": "2354", "ano": "1989", "numero": "21989", "tipo__sigla": "RES", "tipo__descricao": "Resolu\u00e7\u00e3o", "texto_integral": "http://sapl.primaveradoleste.mt.leg.br/media/sapl/public/normajuridica/1989/2354/resolucao-002-1989-v2.pdf", "ementa": "Da nova reda\u00e7\u00e3o ao Artigo 64, Titulo IV, - Cap\u00edtulo I, Das Sess\u00f5es em Geral, da Resolu\u00e7\u00e3o 01/87, de 02 de Janeiro de 1987, que disp\u00f5e sobre o Regimento Interno da C\u00e2mara Municipal de Primavera do Leste."}, {"id": "2355", "ano": "1989", "numero": "2", "tipo__sigla": "RES", "tipo__descricao": "Resolu\u00e7\u00e3o", "texto_integral": "http://sapl.primaveradoleste.mt.leg.br/media/sapl/public/normajuridica/1989/2355/resolucao-002-1989.pdf", "ementa": "Cria a Mesa Diretora da Assembl\u00e9ia Municipal Constituinte, no que disp\u00f5e o \u00a7 \u00danico do Artigo 11, do Ato das Disposi\u00e7\u00f5es Transit\u00f3rias, da Constitui\u00e7\u00e3o da Rep\u00fablica Federativa do Brasil e d\u00e1 outras provid\u00eancias."}, {"id": "2219", "ano": "1989", "numero": "1", "tipo__sigla": "RES", "tipo__descricao": "Resolu\u00e7\u00e3o", "texto_integral": "http://sapl.primaveradoleste.mt.leg.br/media/sapl/public/normajuridica/1989/2219/resolucao-001-1989.pdf", "ementa": "Fixa os Subs\u00eddios dos Vereadores a C\u00e2mara Municipal de Primavera do Leste, Estado de Mato Grosso, para o per\u00edodo de 1\u00ba de Fevereiro de 1989 \u00e0 31 de Dezembro de 1992."}]}