{"id":1080,"__str__":"Enfermeira Giovana (3\u00ba orador)","link_detail_backend":"/sessao/oradorordemdia/1080","metadata":{},"numero_ordem":3,"url_discurso":"","observacao":"Discutiu Car\u00e1ter de Urg\u00eancia do Projeto de Lei Ordin\u00e1ria n\u00ba 1163 de 2021","upload_anexo":null,"sessao_plenaria":158,"parlamentar":77}