{"id":4357,"__str__":"Portaria Legislativa-GABPRES n\u00ba 308, de 03 de outubro de 2025","link_detail_backend":"/norma/4357","metadata":{},"texto_integral":"http://sapl.primaveradoleste.mt.leg.br/media/sapl/public/normajuridica/2025/4357/portaria_308_de_2025.pdf","numero":"308","ano":2025,"esfera_federacao":"M","data":"2025-10-03","data_publicacao":"2025-10-15","veiculo_publicacao":"Dioprima edi\u00e7\u00e3o 3145","pagina_inicio_publicacao":111,"pagina_fim_publicacao":111,"ementa":"Alterar e designar os servidores abaixo para assessoramento das Sess\u00f5es Legislativas Ordin\u00e1rias, Extraordin\u00e1rias, Especiais e Solenes da C\u00e2mara Municipal, como segue:\r\nSecretariar as Sess\u00f5es e Mesa Diretora - Sandra Jacob Di Domenico e Janaine Ottonelli Wolff\r\nAssessoria Jur\u00eddica - Dr\u00aa. Rebeca M. P. Abreu; Dr. Jefferson L. da Silva\r\nAssessoria Mesa Diretora e Vereadores - Aline de F\u00e1tima P. Cicarelli; M\u00f4nica Cristina Maske Kriese\r\nAssessorar Plen\u00e1rio - J\u00e2nia Rodrigues dos Santos;\r\nAssessorar Plen\u00e1rio - Josenita Fernandes Fras\u00e3o;\r\nAssessorar Plen\u00e1rio - Yuri Lima Cabral;\r\nRespons\u00e1vel por Atas das Sess\u00f5es - Elizama Marques;\r\nLavrar Atas das Sess\u00f5es Plen\u00e1rias: Ordin\u00e1rias, Extraordin\u00e1rias e Solenes: Nathalia Polynne Ferreira da Silva;\r\nTransmiss\u00e3o de Sess\u00f5es ao vivo - Peterson Stamm Fran\u00e7a\r\nRespons\u00e1vel Painel Eletr\u00f4nico em conjunto - Franciram Lima e Jeferson Scherer Soliman;","indexacao":"","observacao":"","complemento":false,"data_vigencia":null,"timestamp":"2025-11-25T12:25:43.688034-04:00","data_ultima_atualizacao":"2026-03-30T11:49:58.920415-04:00","ip":"200.11.14.134","ultima_edicao":"2025-11-25T12:25:43.544425-04:00","tipo":7,"materia":null,"orgao":5,"user":65,"assuntos":[16],"autores":[]}