{"id":4260,"__str__":"Portaria Legislativa-GABPRES n\u00ba 254, de 09 de julho de 2025","link_detail_backend":"/norma/4260","metadata":{},"texto_integral":"http://sapl.primaveradoleste.mt.leg.br/media/sapl/public/normajuridica/2025/4260/portaria_254_de_2025.pdf","numero":"254","ano":2025,"esfera_federacao":"M","data":"2025-07-09","data_publicacao":"2025-07-09","veiculo_publicacao":"Dioprima edi\u00e7\u00e3o 3072","pagina_inicio_publicacao":5,"pagina_fim_publicacao":5,"ementa":"Alterar a Portaria n. 238/2025, que regulamenta o uso de ve\u00edculos pertencentes a C\u00e2mara Municipal de Primavera do Leste, e designar servidores\r\nmotoristas para frota deste \u00f3rg\u00e3o.\r\nArt. 2\u201d Os ve\u00edculos de propriedade da C\u00e2mara Municipal poder\u00e3o ser conduzidos por motoristas, quando necess\u00e1rio, e autorizados pela autoridade superior, em dilig\u00eancias e viagens, pelos seguintes servidores motoristas;\r\n\u00a71\u00ba. Leandro Rossetto Nogueira;\r\n\u00a72\u00ba. Pedro Vitor Costa Oru\u00ea;\r\n\u00a73\u00ba. Da\u00edene de Souza Pires;\r\n\u00a74\u00ba. Tiago Henrique da Silva;\r\n\u00a75\u00ba. EInat\u00e3 Oliveira Reis Medeiros;\r\n\u00a76\u00ba. Paulo Bruno de Melo Menezes;\r\n\u00a77\u00ba. Jos\u00e9 Gonzaga Tonon;\r\n\u00a78\u00ba. Jo\u00e3o Ant\u00f4nio Silva de Oliveira;\r\n\u00a79. Valmislei Alves dos Santos;\r\n\u00a710. Paula Cistina Xavier Magalh\u00e3es de Castro;\r\n\u00a711. Pablo Vin\u00edcius de Andrade;\r\n\u00a712. Lais Mara Moreira Mayer.\r\n\u00a713. Marcos Val\u00e9rio da Silva Arruda.\r\n\u00a714. Jefferson Lopes da Silva.\r\n\u00a715. Jean Gerald Alves de Jesus.\r\n\u00a716. Franciram Lima.\r\n\u00a717. Vin\u00edcius Medeiros.\r\n\u00a718. Yure Lima Cabral.\r\n\u00a719. M\u00f4nica Cristina M. Kriese.\r\n\u00a720. Edson de Oliveira Castro.\r\n\u00a721. \u00c2ngelo Roberto Di Domenico.\r\n\u00a722. Laira Endres Pal\u00fa.\r\n\u00a723. Ren\u00e3 Neres Lopes Miranda.\r\n\u00a724. Thiago Sachuk de Lima.\r\n\u00a725. Eduarda Clates Padilha Netto\r\n\u00a726. Ednilson Barbosa da Silva\r\n\u00a727. Braulio Soares Braga\r\n\u00a728. Eduarda Ara\u00fajo de Oliveira\r\n\u00a729. Cl\u00e1udio Dias Braz\r\n\u00a730. Jos\u00e9 Luiz dos Santos\r\n\u00a731. Yole Karla Duarte da Silva Souza\r\n\u00a732.Thiago Poltronieri Gimenes Vilha\r\n\u00a733. Claudiane A. S. Santos\r\n\u00a734. David Arcangelo Arruda\r\n\u00a735. Gustavo S. Clair Ferreira Caldeira\r\n\u00a736. Lucas Silva Nery Oliveira\r\n\u00a737. Luiz Paulo Debastiani\r\n\u00a738. Sandra Jacob Di Domenico\r\n\u00a739. Carla Piovany do Carmo Loure\u00e7o","indexacao":"","observacao":"","complemento":false,"data_vigencia":null,"timestamp":"2025-07-16T11:49:14.472098-04:00","data_ultima_atualizacao":"2025-08-13T11:22:53.263756-04:00","ip":"200.11.14.134","ultima_edicao":"2025-07-16T11:45:51.422479-04:00","tipo":7,"materia":null,"orgao":5,"user":65,"assuntos":[16],"autores":[]}