{"id":4143,"__str__":"Portaria Legislativa-GABPRES n\u00ba 168, de 09 de abril de 2025","link_detail_backend":"/norma/4143","metadata":{"signs":{"texto_integral":{"admin":[],"autores":[["Marco Aurelio Sales Ferreira de Moraes",["2025-04-09T16:29:11-03:00","Gov-Br"]]]}}},"texto_integral":"http://sapl.primaveradoleste.mt.leg.br/media/sapl/public/normajuridica/2025/4143/portaria_168_de_2025.pdf","numero":"168","ano":2025,"esfera_federacao":"M","data":"2025-04-09","data_publicacao":"2025-04-10","veiculo_publicacao":"Dioprima edi\u00e7\u00e3o 3015","pagina_inicio_publicacao":9,"pagina_fim_publicacao":9,"ementa":"NOMEAR, para compor o quadro de servidor da C\u00e2mara Municipal de Primavera do Leste; Sr. AMILCAR RAFAEL REDER, no cargo de ASSESSOR ADMINISTRATIVO que perceber\u00e1 remunera\u00e7\u00e3o n\u00edvel IV, classe AA, prevista na Lei Municipal 1050/2008 e suas altera\u00e7\u00f5es, Lei Complementar n\u00ba 6/2025.","indexacao":"","observacao":"","complemento":false,"data_vigencia":null,"timestamp":"2025-04-23T09:12:34.957109-04:00","data_ultima_atualizacao":"2025-04-23T09:12:34.986711-04:00","ip":"200.11.14.134","ultima_edicao":"2025-04-23T09:12:34.796917-04:00","tipo":7,"materia":null,"orgao":5,"user":65,"assuntos":[12],"autores":[]}