{"id":3578,"__str__":"Portaria Legislativa-GABPRES n\u00ba 275, de 06 de outubro de 2023","link_detail_backend":"/norma/3578","metadata":{"signs":{"texto_integral":{"admin":[],"autores":[["Valdecir Alventino da Silva",["2023-10-06T12:18:24-03:00","Gov-Br"]]]}}},"texto_integral":"http://sapl.primaveradoleste.mt.leg.br/media/sapl/public/normajuridica/2023/3578/275_-_portaria_-_servidores_sessao_assinado.pdf","numero":"275","ano":2023,"esfera_federacao":"M","data":"2023-10-06","data_publicacao":null,"veiculo_publicacao":"","pagina_inicio_publicacao":null,"pagina_fim_publicacao":null,"ementa":"Artigo 1\u00ba \u2013 Alterar a Portaria n\u00ba 263/2023, e designar os servidores abaixo para assessoramento das Sess\u00f5es Legislativas Ordin\u00e1rias, Extraordin\u00e1rias, Especiais e Solenes da C\u00e2mara Municipal, como segue:\r\n- Secretariar as Sess\u00f5es \u2013 Sandra Jacob Di Domenico;\r\n- Secretariar as Sess\u00f5es \u2013 Ruama Meireles Alves;\r\n- Secretariar as Sess\u00f5es \u2013 Sandra Mara Cadore;\r\n- Assessoria Jur\u00eddica - Dr. Isaac Nery de Oliveira;\r\n- Assessoria Jur\u00eddica - Dr. Julio C\u00e9sar de Oliveira;\r\n- Assessoria Mesa Diretora e Vereadores \u2013 Antonio Rodrigues dos Santos;\r\n- Assessoria Mesa Diretora e Vereadores - Driely Cristhine Pereira Pinotti;\r\n- Assessorar Plen\u00e1rio - J\u00e2nia Rodrigues dos Santos;\r\n- Assessorar Plen\u00e1rio - Josenita Fernandes Fras\u00e3o;\r\n- Assessorar Plen\u00e1rio \u2013 Rodrigo Soldera Dallek;\r\n- Assessorar Plen\u00e1rio \u2013 Marcos Valerio Arruda;\r\n- Assessorar Plen\u00e1rio - Jo\u00e3o Batista Pimenta;\r\n- Assessorar Plen\u00e1ria - Claudiane Almeida da Silva Santos\r\n- Respons\u00e1vel por Atas das Sess\u00f5es- Elizama Marques;\r\n- Lavrar Atas das Sess\u00f5es Plen\u00e1rias: Ordin\u00e1rias, Extraordin\u00e1rias e Solenes: \r\nNathalia Polynne Ferreira da Silva\r\n- Transmiss\u00e3o de Sess\u00f5es ao vivo- Jeferson Scherer Soliman\r\n- Respons\u00e1vel Painel Eletr\u00f4nico \u2013 Camila Caroline de Oliveira.\r\n\r\nArtigo 3\u00ba \u2013 As demais disposi\u00e7\u00f5es permanecem em vigor.","indexacao":"","observacao":"","complemento":false,"data_vigencia":null,"timestamp":"2023-10-11T09:14:46.817031-04:00","data_ultima_atualizacao":"2023-10-11T09:14:47.004144-04:00","ip":"200.11.14.134","ultima_edicao":"2023-10-11T09:12:46.251780-04:00","tipo":7,"materia":null,"orgao":5,"user":65,"assuntos":[16],"autores":[]}