{"id":3506,"__str__":"Portaria Legislativa-GABPRES n\u00ba 232, de 17 de agosto de 2023","link_detail_backend":"/norma/3506","metadata":{"signs":{"texto_integral":{"admin":[],"autores":[["Valdecir Alventino da Silva",["2023-08-17T13:11:49-03:00","Gov-Br"]]]}}},"texto_integral":"http://sapl.primaveradoleste.mt.leg.br/media/sapl/public/normajuridica/2023/3506/232_-_portaria_-_pad_2023_assinado.pdf","numero":"232","ano":2023,"esfera_federacao":"M","data":"2023-08-17","data_publicacao":"2023-08-17","veiculo_publicacao":"DIOPRIMA - EDI\u00c7\u00c3O EXTRA 2577","pagina_inicio_publicacao":9,"pagina_fim_publicacao":9,"ementa":"Altera a Portaria 042/2023 que disp\u00f5e sobre a cria\u00e7\u00e3o e designa\u00e7\u00e3o de servidores para comporem a Comiss\u00e3o Permanente de Sindic\u00e2ncia, Inqu\u00e9rito e Processo Administrativo Disciplinar da C\u00e2mara Municipal e d\u00e1 outras previd\u00eancias.","indexacao":"","observacao":"","complemento":false,"data_vigencia":null,"timestamp":"2023-09-19T11:33:57.283870-04:00","data_ultima_atualizacao":"2023-09-19T11:33:57.312569-04:00","ip":"200.11.14.134","ultima_edicao":"2023-09-19T11:33:57.095884-04:00","tipo":7,"materia":null,"orgao":5,"user":65,"assuntos":[15],"autores":[]}