{"id":3323,"__str__":"Portaria Legislativa-GABPRES n\u00ba 127, de 07 de mar\u00e7o de 2023","link_detail_backend":"/norma/3323","metadata":{"signs":{"texto_integral":{"admin":[],"autores":[["Valdecir Alventino da Silva",["2023-03-09T10:45:01-03:00","Gov-Br"]]]}}},"texto_integral":"http://sapl.primaveradoleste.mt.leg.br/media/sapl/public/normajuridica/2023/3323/127_-_portaria_-_servidores_sessao_assinado.pdf","numero":"127","ano":2023,"esfera_federacao":"M","data":"2023-03-07","data_publicacao":"2023-03-09","veiculo_publicacao":"DIOPRIMA - EDI\u00c7\u00c3O EXTRA 2464","pagina_inicio_publicacao":8,"pagina_fim_publicacao":8,"ementa":"Artigo 1\u00ba \u2013 Fica designado o servidor Manoel Ananias Alves Pereira, para\r\nassessoramento das Sess\u00f5es Legislativas, Ordin\u00e1rias, Extraordin\u00e1rias, Especiais e\r\nSolenes da C\u00e2mara Municipal de Primavera do Leste.\r\nArtigo 2\u00ba \u2013 Altera fun\u00e7\u00f5es de servidores da Portaria n\u00ba 114/2023, ficando na seguinte\r\nforma:\r\n-Assessorar Plen\u00e1rio: Adalzigia Cristina Corr\u00eaa Bezerra;\r\n-Lavrar Atas das Sess\u00f5es Plen\u00e1rias: Ordin\u00e1rias, Extraordin\u00e1rias e Solenes:\r\nFranciram Lima, e Rossana dos Santos Caldas;\r\nArtigo 3\u00ba \u2013 As demais disposi\u00e7\u00f5es da Portaria n\u00ba 114/2023, permanecem em vigor.","indexacao":"","observacao":"","complemento":false,"data_vigencia":null,"timestamp":"2023-07-14T10:35:41.448357-04:00","data_ultima_atualizacao":"2023-07-14T10:35:41.476917-04:00","ip":"200.11.14.134","ultima_edicao":"2023-07-14T10:35:41.312855-04:00","tipo":7,"materia":null,"orgao":5,"user":65,"assuntos":[16],"autores":[]}