{"id":3308,"__str__":"Portaria Legislativa-GABPRES n\u00ba 114, de 15 de fevereiro de 2023","link_detail_backend":"/norma/3308","metadata":{},"texto_integral":"http://sapl.primaveradoleste.mt.leg.br/media/sapl/public/normajuridica/2023/3308/portaria_no_114.pdf","numero":"114","ano":2023,"esfera_federacao":"M","data":"2023-02-15","data_publicacao":"2023-02-15","veiculo_publicacao":"DIOPRIMA - EDI\u00c7\u00c3O 2449","pagina_inicio_publicacao":4,"pagina_fim_publicacao":4,"ementa":"Alterar a Portaria 040/2023 e nomear os servidores abaixo para\r\nassessoramento das Sess\u00f5es Legislativas Ordin\u00e1rias, Extraordin\u00e1rias, Especiais e\r\nSolenes da Gamara Municipal, como segue;\r\n- Secretariar as Sess\u00f5es - Regina C\u00e9lia de Souza Pereira Pinto-\r\n- Secretariar as Sess\u00f5es - M\u00f4nica Cristina Manske Kriese;\r\n- Assessoria Jur\u00eddica - Dr. Luiz Carlos Rezende;\r\n- Assessoria Mesa Diretora e Vereadores - FI\u00e1via Daniela da Silva;\r\n-Assessoria Mesa Diretora e Vereadores - Sra Silvia Turolla Peres Chaves\"\r\n- Assessoria Mesa Diretora e Vereadores - Driely Cristhine Pereira Pinotti\"'\r\n- Assessorar Plen\u00e1rio - J\u00e2nia Rodrigues dos Santos;\r\n- Assessorar Plen\u00e1rio - Josenita Fernandes Fras\u00e3o;\r\n- Assessorar Plen\u00e1rio - C\u00edntia Alves Ferreira;\r\n-Assessorar Plen\u00e1rio - Jo\u00e3o Batista Pimenta;\r\n- Assessorar Plen\u00e1rio - Franciram Lima;\r\n- Respons\u00e1vel por Atas das Sess\u00f5es- Elizama Marques;\r\n- Lavrar Atas das Sess\u00f5es Plen\u00e1rias: Ordin\u00e1rias, Extraordin\u00e1rias e Solenes:\r\nAdalzigia Cristina Corr\u00eaa Bezerra, e Rossana dos Santos Caldas;\r\n- Transmiss\u00e3o de Sess\u00f5es ao vivo- Nathalia Polynne Ferreira da Silva;\r\n- Respons\u00e1vel Painel Eletr\u00f4nico - Peterson Stamm Fran\u00e7a","indexacao":"","observacao":"","complemento":false,"data_vigencia":null,"timestamp":"2023-07-14T10:21:48.655565-04:00","data_ultima_atualizacao":"2023-07-14T10:21:48.657848-04:00","ip":"200.11.14.134","ultima_edicao":"2023-07-14T10:21:48.484439-04:00","tipo":7,"materia":null,"orgao":5,"user":65,"assuntos":[16],"autores":[]}