{"id":3229,"__str__":"Portaria Legislativa-GABPRES n\u00ba 36, de 18 de janeiro de 2023","link_detail_backend":"/norma/3229","metadata":{},"texto_integral":"http://sapl.primaveradoleste.mt.leg.br/media/sapl/public/normajuridica/2023/3229/portaria_036_-_sessoes.pdf","numero":"36","ano":2023,"esfera_federacao":"M","data":"2023-01-18","data_publicacao":"2023-01-20","veiculo_publicacao":"DIOPRIMA - EDI\u00c7\u00c3O 2431","pagina_inicio_publicacao":13,"pagina_fim_publicacao":13,"ementa":"Alterar a Portaria 067/2022 e nomear os servidores abaixo para\r\nassessoramento das Sess\u00f5es Legislativas Ordin\u00e1rias, Extraordin\u00e1rias, Especiais e\r\nSolenes da C\u00e2mara Municipal, como segue:\r\n- Secretariar as Sess\u00f5es - Regina C\u00e9lia de Souza Pereira Pinto;\r\n- Secretariar as Sess\u00f5es - M\u00f4nica Cristina Manske Kriese;\r\n- Assessoria Jur\u00eddica - Dr. Luiz Carlos Rezende;\r\n- Assessoria Mesa Diretora e Vereadores - FI\u00e1via Daniela da Silva;\r\n- Assessoria Mesa Diretora e Vereadores - \u00edtalo Renan Berto;\r\n-Assessoria Mesa Diretora e Vereadores - Driely Cristhine Pereira Pinotti;\r\n- Assessorar Plen\u00e1rio - J\u00e2nia Rodrigues dos Santos;\r\n- Assessorar Plen\u00e1rio - Josenita Fernandes Fras\u00e3o;\r\n- Assessorar Plen\u00e1rio - C\u00edntia Alves Ferreira;\r\n- Assessorar Plen\u00e1rio - Jo\u00e3o Batista Pimenta;\r\n- Assessorar Plen\u00e1rio - Franciram Lima;\r\n- Respons\u00e1vel pela Ata das Sess\u00f5es- Elizama Marques;\r\n- Transmiss\u00e3o de Sess\u00f5es ao vivo- Nathalia Polynne Ferreira da Silva;\r\n- Transmiss\u00e3o de Sess\u00f5es ao vivo- Camila Caroline de Oliveira;\r\n- Respons\u00e1vel Painel Eletr\u00f4nico - Peterson Stamm Fran\u00e7a.","indexacao":"","observacao":"","complemento":false,"data_vigencia":null,"timestamp":"2023-07-12T10:31:24.712576-04:00","data_ultima_atualizacao":"2023-07-12T10:31:24.714305-04:00","ip":"200.11.14.134","ultima_edicao":"2023-07-12T10:31:24.547075-04:00","tipo":7,"materia":null,"orgao":5,"user":65,"assuntos":[15],"autores":[]}