{"id":3224,"__str__":"Portaria Legislativa-GABPRES n\u00ba 31, de 18 de janeiro de 2023","link_detail_backend":"/norma/3224","metadata":{},"texto_integral":"http://sapl.primaveradoleste.mt.leg.br/media/sapl/public/normajuridica/2023/3224/portaria_031_-_sindicancia.pdf","numero":"31","ano":2023,"esfera_federacao":"M","data":"2023-01-18","data_publicacao":"2023-01-20","veiculo_publicacao":"DIOPRIMA - EDI\u00c7\u00c3O 2431","pagina_inicio_publicacao":11,"pagina_fim_publicacao":11,"ementa":"Art. 1\u00b0 - Alterar o \u00a71\u00b0 do Artigo 1\u00b0 da Portaria 087/2021 e designar,\r\nnos termos do artigo 169, da Lei Municipal n\u00b0 679, de 25 de setembro de 2001, a\r\nComiss\u00e3o Permanente de Sindic\u00e2ncia, Inqu\u00e9rito e Processo Administrativo\r\nDisciplinar, que ser\u00e1 composta de 3 (tr\u00eas) servidores efetivos, e constitu\u00edda de 3 (tr\u00eas)\r\ntitulares e 3 (tr\u00eas) suplentes, para apurar responsabilidade e sugerir aplica\u00e7\u00e3o de\r\npenalidade em face de servidor p\u00fablico do quadro da C\u00e2mara Municipal, por falta\r\ndisciplinar praticada no exerc\u00edcio de suas atribui\u00e7\u00f5es, ficando assim composta:\r\n\u00a7 1\u00b0 - SANDRA JACOB DO CARMO\r\n\u00a7 2\" - SIMONE FAJARDO MARAFON;\r\n\u00a7 3\u00b0 - JOSINERI PEREIRA DA SILVA\r\nArt. 2\u00b0 - A Comiss\u00e3o Permanente de Sindic\u00e2ncia, Inqu\u00e9rito e\r\nProcesso Administrativo Disciplinar ser\u00e1 presidida pela primeira designada a quem\r\ncaber\u00e1 \u00e0 nomea\u00e7\u00e3o do Secret\u00e1rio e Membros Auxiliares, conforme abaixo descrito:\r\nPar\u00e1grafo \u00danico - Membros Suplentes:\r\nI - M\u00d4NICA CRISTINA MASNKE KRIESE;\r\nII - J\u00c2NIA RODRIGUES DOS SANTOS;\r\nIII - CLEONICE F\u00c1TIMA TRIACCA FERRACINI.\r\nArt. 3\u00b0 - O Presidente da Comiss\u00e3o poder\u00e1 requisitar outros\r\nservidores p\u00fablico municipal, para auxiliar nos trabalhos, sendo vedada \u00e0 substitui\u00e7\u00e3o\r\nde seus membros.\r\nArt. 4\u00b0 - Os procedimentos que reger\u00e3o os trabalhos da Comiss\u00e3o\r\nProcessante Permanente s\u00e3o os contidos na Lei Municipal n\u00b0 679, de 25 de setembro\r\nde 2001 e demais legisla\u00e7\u00f5es pertinentes, no que couber.\r\nArt. 5\u00b0 - Os integrantes da Comiss\u00e3o Processante Permanente ficam\r\ndispensados do ponto durante no per\u00edodo a que se dedicarem aos trabalhos, at\u00e9 a\r\nelabora\u00e7\u00e3o e apresenta\u00e7\u00e3o do Relat\u00f3rio final, nos termos da Lei Municipal n\u00b0 679, de\r\n25 de setembro de 2001.\r\nArt. 6\u00b0 - Esta Portaria entra em vigor na data de sua publica\u00e7\u00e3o,\r\nrevogadas as disposi\u00e7\u00f5es contraria.","indexacao":"","observacao":"","complemento":false,"data_vigencia":null,"timestamp":"2023-07-12T10:28:48.441975-04:00","data_ultima_atualizacao":"2023-07-12T10:28:48.446816-04:00","ip":"200.11.14.134","ultima_edicao":"2023-07-12T10:28:48.202684-04:00","tipo":7,"materia":null,"orgao":5,"user":65,"assuntos":[15],"autores":[]}