{"id":3056,"__str__":"Portaria Legislativa n\u00ba 41, de 19 de maio de 2022","link_detail_backend":"/norma/3056","metadata":{},"texto_integral":"http://sapl.primaveradoleste.mt.leg.br/media/sapl/public/normajuridica/2022/3056/portaria_no_041.pdf","numero":"41","ano":2022,"esfera_federacao":"M","data":"2022-05-19","data_publicacao":null,"veiculo_publicacao":"","pagina_inicio_publicacao":null,"pagina_fim_publicacao":null,"ementa":"RESOLVE:\r\nAlterar a Portaria 015/2022 e Nomear os servidores abaixo para assessoramento das Sess\u00f5es Legislativas Ordin\u00e1rias, Extraordin\u00e1rias, Especiais e\r\nSolenes da C\u00e2mara Municipal.\r\n- Secretariar as Sess\u00f5es - Cleonice F\u00e1tima Triacca Ferracini;\r\n-Assessoria Jur\u00eddica - Dr. Luiz Carlos Rezende;\r\n- Assessoria Mesa Diretora e Vereadores - Erica Renata Duarte Zuliske;\r\n-Assessoria Mesa Diretora e Vereadores - Ludin\u00e9ia Baggio Silv\u00e9rio;\r\n-Assessoria Mesa Diretora e Vereadores - Elba Gislaine Campos Feitosa;\r\n-Assessoria Mesa Diretora e Vereadores - \u00edtalo Renan Berto;\r\n-Assessoria Mesa Diretora e Vereadores - Driely Cristhine Pereira Pinotti;\r\n-Assessorar Plen\u00e1rio - J\u00e2nia Rodrigues dos Santos;\r\n-Assessorar Plen\u00e1rio - Josenita Fernandes Fras\u00e3o;\r\n- Assessorar Plen\u00e1rio - C\u00edntia Alves Ferreira;\r\n- Respons\u00e1vel pela Ata das Sess\u00f5es- Elizama Marques;\r\n- Transmiss\u00e3o de Sess\u00f5es ao vivo- Valdomiro Medeiros da Rocha;\r\n- Transmiss\u00e3o de Sess\u00f5es ao vivo- Camila Caroline de Oliveira;\r\n- Respons\u00e1vel Painel Eletr\u00f4nico - Peterson Stamm Fran\u00e7a.","indexacao":"","observacao":"","complemento":false,"data_vigencia":null,"timestamp":"2022-05-19T11:59:43.546891-04:00","data_ultima_atualizacao":"2022-08-24T11:08:02.749194-04:00","ip":"201.15.116.26","ultima_edicao":"2022-05-19T11:59:13.499456-04:00","tipo":7,"materia":null,"orgao":null,"user":52,"assuntos":[],"autores":[]}