{"id":2896,"__str__":"Portaria Legislativa n\u00ba 139, de 30 de agosto de 2021","link_detail_backend":"/norma/2896","metadata":{},"texto_integral":"http://sapl.primaveradoleste.mt.leg.br/media/sapl/public/normajuridica/2021/2896/portaria_no_139.pdf","numero":"139","ano":2021,"esfera_federacao":"M","data":"2021-08-30","data_publicacao":null,"veiculo_publicacao":"","pagina_inicio_publicacao":null,"pagina_fim_publicacao":null,"ementa":"RESOLVE:\r\nArt 1\u00ba - Declarar ponto facultativo o dia 06 de Setembro de 2021 (Segunda-Feira), em comemora\u00e7\u00e3o ao Feriado de 07 de setembro \"Independ\u00eancia do Brasil\".\r\nArt. 2\u00ba - A Sess\u00e3o Ordin\u00e1ria do dia 06 de Setembro de 2021, ser\u00e1 antecipada para o dia 03 de Setembro de 2021 (Sexta-feira), com in\u00edcio \u00e0s 09h00min, no Plen\u00e1rio das Delibera\u00e7\u00f5es \"Antonio Santo Renosto\" nesta Egr\u00e9gia Casa de Leis.\r\nArt. 3\u00ba - Esta Portaria entra em vigor com sua publica\u00e7\u00e3o, revogando-se as disposi\u00e7\u00f5es em contr\u00e1rio.","indexacao":"","observacao":"","complemento":false,"data_vigencia":null,"timestamp":"2021-08-31T07:18:47.083687-04:00","data_ultima_atualizacao":"2021-08-31T07:18:47.418571-04:00","ip":"201.15.116.26","ultima_edicao":"2021-08-31T07:17:26.432631-04:00","tipo":7,"materia":null,"orgao":null,"user":52,"assuntos":[],"autores":[]}