{"id":2863,"__str__":"Portaria Legislativa n\u00ba 115, de 15 de julho de 2021","link_detail_backend":"/norma/2863","metadata":{},"texto_integral":"http://sapl.primaveradoleste.mt.leg.br/media/sapl/public/normajuridica/2021/2863/portaria_no_115.pdf","numero":"115","ano":2021,"esfera_federacao":"M","data":"2021-07-15","data_publicacao":null,"veiculo_publicacao":"","pagina_inicio_publicacao":null,"pagina_fim_publicacao":null,"ementa":"RESOLVE:\r\nAlterar a Portaria 076/2021 e Nomear os servidores abaixo para assessoramento das Sess\u00f5es Legislativas Ordin\u00e1rias, Extraordin\u00e1rias, Especiais e Solenes da C\u00e2mara Municipal.\r\n- Secretariar as Sess\u00f5es - Cleonice F\u00e1tima Triacca Ferracini;\r\n- Assessoria Jur\u00eddica - Dr. Luiz Carlos Rezende;\r\n- Assessoria Mesa Diretora e Vereadores - Let\u00edcia Sales dos Santos;\r\n-Assessoria Mesa Diretora e Vereadores - Ludin\u00e9ia Baggio Silv\u00e9rio;\r\n-Assessoria Mesa Diretora e Vereadores - Elba Gislaine Campos Feitosa;\r\n-Assessoria Mesa Diretora e Vereadores - \u00edtalo Renan Berto;\r\n-Assessoria Mesa Diretora e Vereadores - Driely Cristhine Pereira Pinotti;\r\n-Assessorar Plen\u00e1rio \u2014 J\u00e2nia Rodrigues dos Santos;\r\n-Assessorar Plen\u00e1rio - Josenita Fernandes Fras\u00e3o;\r\n-Assessorar Plen\u00e1rio - D\u00e9bora de Almeida Souza;\r\n-Assessorar Plen\u00e1rio - Josieli Ara\u00fajo Rodrigues;\r\n-Assessorar Plen\u00e1rio - William Barbosa;\r\n- Respons\u00e1vel pela Ata das Sess\u00f5es- Elizama Marques;\r\n- Transmiss\u00e3o de Sess\u00f5es ao vivo- Valdomiro Medeiros da Rocha;\r\n- Transmiss\u00e3o de Sess\u00f5es ao vivo- Camila Caroline de Oliveira;","indexacao":"","observacao":"","complemento":false,"data_vigencia":null,"timestamp":"2021-08-03T11:44:16.626219-04:00","data_ultima_atualizacao":"2021-11-12T09:15:10.045559-04:00","ip":"201.15.116.26","ultima_edicao":"2021-08-03T11:37:06.365746-04:00","tipo":7,"materia":null,"orgao":null,"user":52,"assuntos":[16],"autores":[]}