{"id":2558,"__str__":"Lei Ordin\u00e1ria n\u00ba 1.825, de 25 de setembro de 2019","link_detail_backend":"/norma/2558","metadata":{},"texto_integral":"http://sapl.primaveradoleste.mt.leg.br/media/sapl/public/normajuridica/2019/2558/lei_no_1.825_-_pl_985.pdf","numero":"1825","ano":2019,"esfera_federacao":"M","data":"2019-09-25","data_publicacao":"2019-09-25","veiculo_publicacao":"","pagina_inicio_publicacao":null,"pagina_fim_publicacao":null,"ementa":"Ementa: Disp\u00f5es sobre a denomina\u00e7\u00e3o de\r\nPr\u00e9dio P\u00fablico localizada na rua Castro Alves\r\nQ II, Lotes 3,4,5,6, Bairro Castel\u00e2ndia, que\r\nservir\u00e1 de sede para a Academia de Sa\u00fade de\r\nPrimavera do Leste.","indexacao":"","observacao":"","complemento":false,"data_vigencia":null,"timestamp":"2020-11-03T12:04:37.888182-04:00","data_ultima_atualizacao":"2020-11-03T12:04:37.999892-04:00","ip":"200.11.14.146","ultima_edicao":"2020-11-03T12:04:08.080726-04:00","tipo":1,"materia":633,"orgao":null,"user":18,"assuntos":[],"autores":[3,11]}