{"id":249,"__str__":"Portaria Legislativa n\u00ba 103, de 12 de mar\u00e7o de 2019","link_detail_backend":"/norma/249","metadata":{},"texto_integral":"http://sapl.primaveradoleste.mt.leg.br/media/sapl/public/normajuridica/2019/249/portaria-103-2019.pdf","numero":"103","ano":2019,"esfera_federacao":"M","data":"2019-03-12","data_publicacao":"2019-03-12","veiculo_publicacao":"","pagina_inicio_publicacao":null,"pagina_fim_publicacao":null,"ementa":"Alterar a Portaria 078/2019, e nomear os servidores abaixo para\r\nassessoramento das Sess\u00f5es Legislativas Ordin\u00e1rias, Extraordin\u00e1rias, Especiais e\r\nSolenes da C\u00e2mara Municipal.\r\n\r\n- Secretariar as Sess\u00f5es - CLEONICE F\u00c1TIMA TRIACCA FERRACINI;\r\n- Assessoria Jur\u00eddica - DR. MANOEL DIOZ SILVA NETO;\r\n- Assessoria Jur\u00eddica - DR. LUIZ CARLOS REZENDE;\r\n-Assessoria do Presidente - BARBARA FERNANDA RIVA;\r\n- Assessoria dos Vereadores - ADRIANA SARZl SARTORI DA SILVA;\r\n- Assessoria dos Vereadores - JO\u00c3O BATISTA PIMENTA;\r\n- Assessoria dos Vereadores - ALEXSSANDRA ZILIOTTO;\r\n- Assessorar a Mesa Diretora - JUSCIMEIRE DIAS LUIZ;\r\n- Assessorar a Mesa Diretora - JULIANA PADILHA DE LIMA;\r\n- Assessorar Plen\u00e1rio - NEUZA TEREZINHA FRANKEN;\r\n- Assessorar Plen\u00e1rio - J\u00c2NIA RODRIGUES DOS SANTOS;\r\n- Assessorar a Imprensa - JOSIELI ARA\u00daJO RODRIGUES;\r\n- Respons\u00e1vel pela Ata das Sess\u00f5es- ELIZAMA MARQUES;\r\n- Transmiss\u00e3o de Sess\u00f5es ao vivo- LUIZ CARLOS DA SILVA FILHO.","indexacao":"","observacao":"","complemento":false,"data_vigencia":null,"timestamp":"2019-03-15T07:09:52.392747-04:00","data_ultima_atualizacao":"2019-03-15T07:09:52.393063-04:00","ip":"","ultima_edicao":null,"tipo":7,"materia":null,"orgao":null,"user":null,"assuntos":[],"autores":[]}