{"id":2453,"__str__":"Portaria Legislativa n\u00ba 31, de 09 de mar\u00e7o de 2020","link_detail_backend":"/norma/2453","metadata":{},"texto_integral":"http://sapl.primaveradoleste.mt.leg.br/media/sapl/public/normajuridica/2020/2453/portaria_031_de_marco_de_2020.pdf","numero":"31","ano":2020,"esfera_federacao":"M","data":"2020-03-09","data_publicacao":"2020-03-09","veiculo_publicacao":"","pagina_inicio_publicacao":null,"pagina_fim_publicacao":null,"ementa":"Art. 1\u00ba - Alterar a Portaria 142/2019 e Designar, nos termos do artigo 169, da Lei Municipal n\u00b0 679, de 25 de setembro de 2001, a Comiss\u00e3o Permanente de Sindic\u00e2ncia, Inqu\u00e9rito e Processo Administrativo Disciplinar, que ser\u00e1 composta de 3 (tr\u00eas) servidores efetivos, e constitu\u00edda de 3 (tr\u00eas) titulares e 3 (tr\u00eas) suplentes, para apurar responsabilidade e sugerir aplica\u00e7\u00e3o de penalidade em face de servidor p\u00fablico do quadro da C\u00e2mara Municipal, por falta disciplinar praticada no exerc\u00edcio de suas\r\natribui\u00e7\u00f5es, ficando assim composta:\r\n\r\n\u00a7 1\u00b0 - ROSIMEIRE FERREIRA CAMPOS; \r\n\u00a7 2\u00b0 - JOS\u00c9 LUIZ DOS SANTOS; \r\n\u00a7 3\u00b0 - VALDERI\u00c7O ALVES DE OLIVEIRA.\r\n\r\nArt. 2\" - A Comiss\u00e3o Permanente de Sindic\u00e2ncia, Inqu\u00e9rito e Processo Administrativo Disciplinar ser\u00e1 presidida pela a primeira designada a quem caber\u00e1 \u00e0 nomea\u00e7\u00e3o do Secret\u00e1rio e Membros Auxiliares, conforme abaixo descrito:\r\n\r\nPar\u00e1grafo \u00danico - Membros Suplentes:\r\nI- ROSAINE ALVES HELRIGEL;\r\nII - ADILSON BISPO DE ARA\u00daJO;\r\nIII - CLEONICE F\u00c1TIMA TRIACCA FERRACINI.","indexacao":"","observacao":"","complemento":false,"data_vigencia":null,"timestamp":"2020-03-13T07:52:16.583679-04:00","data_ultima_atualizacao":"2020-03-13T07:52:16.584062-04:00","ip":"200.11.14.146","ultima_edicao":null,"tipo":7,"materia":null,"orgao":null,"user":18,"assuntos":[],"autores":[]}