{"id":2342,"__str__":"Portaria Legislativa n\u00ba 159, de 12 de novembro de 2019","link_detail_backend":"/norma/2342","metadata":{},"texto_integral":"http://sapl.primaveradoleste.mt.leg.br/media/sapl/public/normajuridica/2019/2342/portaria_159_2019.pdf","numero":"159","ano":2019,"esfera_federacao":"M","data":"2019-11-12","data_publicacao":"2019-11-12","veiculo_publicacao":"","pagina_inicio_publicacao":null,"pagina_fim_publicacao":null,"ementa":"Artigo 1\u00ba - Nomear e Designar Comiss\u00e3o Especial para analisar poss\u00edveis altera\u00e7\u00f5es e\r\nou reforma completa do Regimento Interno da C\u00e2mara Municipal.\r\n\r\nArtigo 2\u00ba - A Comiss\u00e3o reunir-se-\u00e1 todas as Quartas-Feiras das 08h00min as\r\n10h00min na sala de reuni\u00f5es das Comiss\u00f5es.\r\n\r\nArtigo 3\u00b0 - A comiss\u00e3o ser\u00e1 formada por: Presidente, Vice Presidente, Relator,\r\nSecret\u00e1rio e membros, escolhidos na 1\u00aa reuni\u00e3o da Comiss\u00e3o entre os Vereadores e servidores\r\nque far\u00e3o parte da Comiss\u00e3o, abaixo nominados:\r\n\r\n- Vereador Paulo Mareio Castro e Silva;\r\n- Vereador Manoel Mazzutti Neto;\r\n- Vereador Luis Pereira Costa;\r\n- Vereadora Carmem Betti Borges de Oliveira;\r\n- Vereador Carlos Ara\u00fajo;\r\n- Vereador Juarez Faria Barbosa;\r\n- Juliana Padilha (Assessora das Comiss\u00f5es);\r\n- Barbara Fernanda Riva (Secret\u00e1ria da Presid\u00eancia);\r\n- Isaac Silva Nery de Oliveira (Assessor Parlamentar);\r\n- Manoel Dioz Silva Neto (Assessor Jur\u00eddico);\r\n- Luis Carlos Rezende (Assessor Jur\u00eddico);\r\n- Caroline Amora (Assessora Parlamentar);\r\n- Cleonice F\u00e1tima Triacca Ferracini (Secret\u00e1ria Executiva);\r\n- Brenda Martins Grubert (Assessora Parlamentar).","indexacao":"","observacao":"","complemento":false,"data_vigencia":null,"timestamp":"2019-12-10T09:44:38.809063-04:00","data_ultima_atualizacao":"2019-12-10T09:44:38.809398-04:00","ip":"200.11.14.146","ultima_edicao":null,"tipo":7,"materia":null,"orgao":null,"user":18,"assuntos":[],"autores":[]}