{"id":2278,"__str__":"Portaria Legislativa n\u00ba 143, de 27 de agosto de 2019","link_detail_backend":"/norma/2278","metadata":{},"texto_integral":"http://sapl.primaveradoleste.mt.leg.br/media/sapl/public/normajuridica/2019/2278/portaria_143_2019.pdf","numero":"143","ano":2019,"esfera_federacao":"M","data":"2019-08-27","data_publicacao":"2019-08-27","veiculo_publicacao":"","pagina_inicio_publicacao":null,"pagina_fim_publicacao":null,"ementa":"Alterar a Portaria 135/2019, e nomear os servidores abaixo para\r\nassessoramento das Sess\u00f5es Legislativas Ordin\u00e1rias, Extraordin\u00e1rias, Especiais e\r\nSolenes da C\u00e2mara Municipal.\r\n- Secretariar as Sess\u00f5es - CLEONICE F\u00c1TIMA TRIACCA FERRACINI,\r\n- Assessoria Jur\u00eddica \u2014 DR. MANOEL DIOZ SILVA NETO,\r\n- Assessoria Jur\u00eddica \u2014 DR. LUIZ CARLOS REZENDE,\r\n- Assessoria do Presidente \u2014 BARBARA FERNANDA RIVA,\r\n- Assessoria dos Vereadores \u2014 ADRIANA SARZI SARTORI DA SILVA,\r\n-Assessoria dos Vereadores \u2014 ALEXSSANDRA ZILIOTTO,\r\n- Assessorar a Mesa Diretora \u2014 JUSCIMEIRE DIAS LUIZ,\r\n- Assessorar a Mesa Diretora \u2014 JULIANA PADILHA DE LIMA,\r\n- Assessorar Plen\u00e1rio \u2014 J\u00c2NIA RODRIGUES DOS SANTOS,\r\n- Assessorar Plen\u00e1rio \u2014 JOSENITA FERNANDES FRAS\u00c3O,\r\n-Assessorar a Imprensa - JOSIELI ARA\u00daJO RODRIGUES,\r\n- Respons\u00e1vel pela Ata das Sess\u00f5es - ELIZAMA MARQUES,\r\n- Transmiss\u00e3o de Sess\u00f5es ao vivo - LUIZ CARLOS DA SILVA FILHO.","indexacao":"","observacao":"","complemento":false,"data_vigencia":null,"timestamp":"2019-09-11T12:52:46.711261-04:00","data_ultima_atualizacao":"2019-09-11T12:52:46.833959-04:00","ip":"200.11.14.146","ultima_edicao":null,"tipo":7,"materia":null,"orgao":null,"user":18,"assuntos":[],"autores":[]}