{"id":2277,"__str__":"Portaria Legislativa n\u00ba 142, de 27 de agosto de 2019","link_detail_backend":"/norma/2277","metadata":{},"texto_integral":"http://sapl.primaveradoleste.mt.leg.br/media/sapl/public/normajuridica/2019/2277/portaria_142_2019.pdf","numero":"142","ano":2019,"esfera_federacao":"M","data":"2019-08-27","data_publicacao":"2019-08-27","veiculo_publicacao":"","pagina_inicio_publicacao":null,"pagina_fim_publicacao":null,"ementa":"Art. 1\u00b0 - Alterar a Portaria 018/2019 e Designar, nos termos do artigo\r\n169, da Lei Municipal n\u00b0 679, de 25 de setembro de 2001, a Comiss\u00e3o Permanente de\r\nSindic\u00e2ncia, Inqu\u00e9rito e Processo Administrativo Disciplinar, que ser\u00e1 composta de 3\r\n(tr\u00eas) servidores efetivos, e constitu\u00edda de 3 (tr\u00eas) titulares e 3 (tr\u00eas) suplentes, para\r\napurar responsabilidade e sugerir aplica\u00e7\u00e3o de penalidade em face de servidor p\u00fablico\r\ndo quadro da C\u00e2mara Municipal, por falta disciplinar praticada no exerc\u00edcio de suas\r\natribui\u00e7\u00f5es, ficando assim composta:\r\n\r\n\u00a7 1\u00ba - ROSIMEIRE FERREIRA CAMPOS;\r\n\u00a7 2\u00b0 - JOS\u00c9 LUIZ DOS SANTOS;\r\n\u00a7 3\u00b0 - VALDERI\u00c7O ALVES DE OLIVEIRA.","indexacao":"","observacao":"","complemento":false,"data_vigencia":null,"timestamp":"2019-09-11T12:51:33.453657-04:00","data_ultima_atualizacao":"2019-09-11T12:51:33.607976-04:00","ip":"200.11.14.146","ultima_edicao":null,"tipo":7,"materia":null,"orgao":null,"user":18,"assuntos":[],"autores":[]}