{"id":2273,"__str__":"Portaria Legislativa n\u00ba 138, de 09 de agosto de 2019","link_detail_backend":"/norma/2273","metadata":{},"texto_integral":"http://sapl.primaveradoleste.mt.leg.br/media/sapl/public/normajuridica/2019/2273/portaria_138_2019.pdf","numero":"138","ano":2019,"esfera_federacao":"M","data":"2019-08-09","data_publicacao":"2019-08-09","veiculo_publicacao":"","pagina_inicio_publicacao":null,"pagina_fim_publicacao":null,"ementa":"Art. 1\u00b0 - Alterar o \u00a73\u00b0 no Artigo 2\u00b0 da Portaria 110 de 2019 que Regulamenta o uso de\r\nve\u00edculos pertencentes a C\u00e2mara Municipal de Primavera do Leste, e designa servidores para\r\nmotoristas dos referidos ve\u00edculos.\r\nArt. 2\" - Os ve\u00edculos de propriedade da C\u00e2mara Municipal poder\u00e3o ser conduzidos por\r\nmotoristas, quando autorizados pela autoridade superior, em diligencias e viagens, pelo os\r\nseguintes servidores motoristas:\r\n\u00a71\u00b0. EDINILSON BARBOSA DA SILVA;\r\n\u00a72\u00b0. JADIR JOS\u00c9 DA SILVA;\r\n\u00a73\u00b0. JOS\u00c9 LOUREN\u00c7O CARVALHO SOUSA;\r\n\u00a74L JOEL CARDOSO DE SOUZA;\r\n\u00a75\u00b0. WESLEY EDNEY TRIACCA FERRACINI;\r\n\u00a76\". JO\u00c3O BATISTA PIMENTA.\r\nArt. 3\u00b0 - O artigo 4\u00b0, da Instru\u00e7\u00e3o Normativa n\u00b0 5, de 2012, \u00e9 de observ\u00e2ncia\r\ncompuls\u00f3ria pelos condutores de ve\u00edculos da C\u00e2mara Municipal.\r\nArt. 4\u00b0 - Esta portaria entrar\u00e1 em vigor na data de sua publica\u00e7\u00e3o.","indexacao":"","observacao":"","complemento":false,"data_vigencia":null,"timestamp":"2019-08-14T08:50:33.450234-04:00","data_ultima_atualizacao":"2019-08-14T08:50:33.706196-04:00","ip":"200.11.14.146","ultima_edicao":null,"tipo":7,"materia":null,"orgao":null,"user":11,"assuntos":[],"autores":[]}