{"id":2270,"__str__":"Portaria Legislativa n\u00ba 135, de 09 de agosto de 2019","link_detail_backend":"/norma/2270","metadata":{},"texto_integral":"http://sapl.primaveradoleste.mt.leg.br/media/sapl/public/normajuridica/2019/2270/portaria_135_2019.pdf","numero":"135","ano":2019,"esfera_federacao":"M","data":"2019-08-09","data_publicacao":"2019-08-09","veiculo_publicacao":"","pagina_inicio_publicacao":null,"pagina_fim_publicacao":null,"ementa":"Alterar a Portaria 115/2019, e nomear os servidores abaixo para\r\nassessoramento das Sess\u00f5es Legislativas Ordin\u00e1rias, Extraordin\u00e1rias, Especiais e\r\nSolenes da C\u00e2mara Municipal.\r\n- Secretariar as Sess\u00f5es - CLEONICE F\u00c1TIMA TRIACCA FERRACINI;\r\n- Assessoria Jur\u00eddica - DR. MANOEL DIOZ SILVA NETO;\r\n- Assessoria Jur\u00eddica - DR. LUIZ CARLOS REZENDE;\r\n-Assessoria do Presidente - BARBARA FERNANDA RIVA;\r\n-Assessoria dos Vereadores - ADRIANA SARZI SARTORI DA SILVA;\r\n- Assessoria dos Vereadores - ALEXSSANDRA ZILIOTTO;\r\n-Assessorar a Mesa Diretora - JUSCIMEIRE DIAS LUIZ;\r\n- Assessorar a Mesa Diretora - JULIANA PADILHA DE LIMA;\r\n- Assessorar Plen\u00e1rio - J\u00c2NIA RODRIGUES DOS SANTOS;\r\n-Assessorar a Imprensa - JOSIELI ARA\u00daJO RODRIGUES;\r\n- Respons\u00e1vel pela Ata das Sess\u00f5es- ELIZAMA MARQUES;\r\n- Transmiss\u00e3o de Sess\u00f5es ao vivo- LUIZ CARLOS DA SILVA FILHO.","indexacao":"","observacao":"","complemento":false,"data_vigencia":null,"timestamp":"2019-08-14T08:45:30.913022-04:00","data_ultima_atualizacao":"2019-08-14T08:45:31.633394-04:00","ip":"200.11.14.146","ultima_edicao":null,"tipo":7,"materia":null,"orgao":null,"user":11,"assuntos":[],"autores":[]}