{"id":1983,"__str__":"Portaria Legislativa n\u00ba 110, de 08 de maio de 2019","link_detail_backend":"/norma/1983","metadata":{},"texto_integral":"http://sapl.primaveradoleste.mt.leg.br/media/sapl/public/normajuridica/2019/1983/portaria-110-2019.pdf","numero":"110","ano":2019,"esfera_federacao":"M","data":"2019-05-08","data_publicacao":"2019-05-08","veiculo_publicacao":"","pagina_inicio_publicacao":null,"pagina_fim_publicacao":null,"ementa":"Art. 1\u00b0 - Incluir o \u00a76\u00b0 no Artigo 2\u00b0 da Portaria 073 de 2019 que Regulamenta o uso de\r\nve\u00edculos pertencentes a C\u00e2mara Municipal de Primavera do Leste, e designa servidores para\r\nmotoristas dos referidos ve\u00edculos.\r\n\r\nArt. 2\u00b0 - Os ve\u00edculos de propriedade da C\u00e2mara Municipal poder\u00e3o ser conduzidos por\r\nmotoristas, quando autorizados pela autoridade superior, em diligencias e viagens, pelo os\r\nseguintes servidores motoristas;\r\n\u00a71\u00b0. EDINILSON BARBOSA DA SILVA;\r\n\u00a72\u00ba. JADIR JOS\u00c9 DA SILVA;\r\n\u00a73\u00b0. EDSON DE OLIVEIRA CASTRO;\r\n\u00a74\u00b0. JOEL CARDOSO DE SOUZA;\r\n\u00a75\u00b0. WESLEY EDNEY TRIACCA FERRACINI;\r\n\u00a76\u00b0. JO\u00c3O BATISTA PIMENTA.","indexacao":"","observacao":"","complemento":false,"data_vigencia":null,"timestamp":"2019-05-14T20:47:21.572482-04:00","data_ultima_atualizacao":"2019-05-14T20:47:21.757014-04:00","ip":"","ultima_edicao":null,"tipo":7,"materia":null,"orgao":null,"user":null,"assuntos":[],"autores":[]}