{"id":13846,"__str__":"Projeto de Lei Complementar n\u00ba 1461 de 2023 | Proposi\u00e7\u00e3o arquivada | 28/07/2023","link_detail_backend":"/materia/tramitacao/13846","metadata":{},"timestamp":"2023-07-28T08:37:13.280305-04:00","data_tramitacao":"2023-07-28","data_encaminhamento":"2023-07-28","urgente":false,"turno":"","texto":"Proposi\u00e7\u00e3o arquivada por n\u00e3o ter avido manifesta\u00e7\u00e3o do autor em tempo regimental.","data_fim_prazo":null,"ip":"200.11.14.134","ultima_edicao":"2023-07-28T08:36:59.521348-04:00","status":14,"materia":3645,"unidade_tramitacao_local":5,"unidade_tramitacao_destino":16,"user":3}