{"id":90,"__str__":"Indica\u00e7\u00e3o n\u00ba 80 de 2019","link_detail_backend":"/materia/90","metadata":{},"numero":80,"ano":2019,"numero_protocolo":75,"data_apresentacao":"2019-02-13","tipo_apresentacao":"","data_publicacao":null,"numero_origem_externa":"","ano_origem_externa":null,"data_origem_externa":null,"apelido":"","dias_prazo":null,"data_fim_prazo":null,"em_tramitacao":true,"polemica":null,"objeto":"","complementar":null,"ementa":"\u201cA necessidade de adequa\u00e7\u00e3o para disponibilizar um local na Pra\u00e7a da Matriz, para que seja instalado o Servi\u00e7o de Alimenta\u00e7\u00e3o Ambulante (carros de comida), visto que j\u00e1 possui infra estrutura de banheiros, ilumina\u00e7\u00e3o, seguran\u00e7a, bebedouros e localiza\u00e7\u00e3o privilegiada com acesso a maioria da popula\u00e7\u00e3o do munic\u00edpio\u201d.","indexacao":"","observacao":"","resultado":"","texto_original":"http://sapl.primaveradoleste.mt.leg.br/media/sapl/public/materialegislativa/2019/90/indicacao_005.pdf","data_ultima_atualizacao":"2020-12-16T09:33:00.023654-04:00","ip":"200.11.14.146","ultima_edicao":"2020-12-16T09:32:59.847832-04:00","tipo":18,"regime_tramitacao":1,"tipo_origem_externa":null,"local_origem_externa":null,"user":18,"anexadas":[],"autores":[2]}