{"id":878,"__str__":"Projeto de Resolu\u00e7\u00e3o n\u00ba 2 de 2014","link_detail_backend":"/materia/878","metadata":{},"numero":2,"ano":2014,"numero_protocolo":null,"data_apresentacao":"2014-04-01","tipo_apresentacao":"E","data_publicacao":null,"numero_origem_externa":"","ano_origem_externa":null,"data_origem_externa":null,"apelido":"","dias_prazo":null,"data_fim_prazo":null,"em_tramitacao":false,"polemica":null,"objeto":"","complementar":null,"ementa":"Disp\u00f5e sobre a cria\u00e7\u00e3o, instala\u00e7\u00e3o e\r\ndenomina\u00e7\u00e3o do espa\u00e7o \u201cSala da Mulher\u201d no\r\n\u00e2mbito da C\u00e2mara Municipal de Primavera do\r\nLeste Estado de Mato Grosso.","indexacao":"","observacao":"","resultado":"","texto_original":"http://sapl.primaveradoleste.mt.leg.br/media/sapl/public/materialegislativa/2014/878/pr-002-2014.pdf","data_ultima_atualizacao":"2019-11-28T08:48:35.293463-04:00","ip":"200.11.14.146","ultima_edicao":null,"tipo":24,"regime_tramitacao":1,"tipo_origem_externa":null,"local_origem_externa":null,"user":18,"anexadas":[],"autores":[86,44,64,48,4,9]}