{"id":86,"__str__":"Indica\u00e7\u00e3o n\u00ba 56 de 2019","link_detail_backend":"/materia/86","metadata":{},"numero":56,"ano":2019,"numero_protocolo":71,"data_apresentacao":"2019-02-07","tipo_apresentacao":"","data_publicacao":null,"numero_origem_externa":"","ano_origem_externa":null,"data_origem_externa":null,"apelido":"","dias_prazo":null,"data_fim_prazo":null,"em_tramitacao":true,"polemica":null,"objeto":"","complementar":null,"ementa":"\u201cA viabiliza\u00e7\u00e3o para que a Rua Rio de Janeiro; Rua Oliv\u00e9rio Porta; Rua S\u00e3o Paulo e Rua do Com\u00e9rcio, tenham seus sentidos de tr\u00e2nsito transformados em vias de m\u00e3o \u00fanica, sendo, Rua Rio de Janeiro sentido Norte/Sul; Rua Oliv\u00e9rio Porta sentido Sul/Norte; Rua S\u00e3o Paulo sentido Leste/Oeste e Rua do Com\u00e9rcio sentido Oeste/Leste. \"","indexacao":"","observacao":"","resultado":"","texto_original":"http://sapl.primaveradoleste.mt.leg.br/media/sapl/public/materialegislativa/2019/86/indicacao_001.pdf","data_ultima_atualizacao":"2020-12-16T09:25:18.504854-04:00","ip":"200.11.14.146","ultima_edicao":"2020-12-16T09:25:18.213380-04:00","tipo":18,"regime_tramitacao":1,"tipo_origem_externa":null,"local_origem_externa":null,"user":18,"anexadas":[],"autores":[2]}