{"id":747,"__str__":"Indica\u00e7\u00e3o n\u00ba 526 de 2019","link_detail_backend":"/materia/747","metadata":{},"numero":526,"ano":2019,"numero_protocolo":558,"data_apresentacao":"2019-10-10","tipo_apresentacao":"","data_publicacao":null,"numero_origem_externa":"","ano_origem_externa":null,"data_origem_externa":null,"apelido":"","dias_prazo":null,"data_fim_prazo":null,"em_tramitacao":false,"polemica":null,"objeto":"","complementar":null,"ementa":"Indicat\u00f3ria ao Excelent\u00edssimo Senhor Prefeito, com c\u00f3pias as Secretarias Municipal de Educa\u00e7\u00e3o e de Administra\u00e7\u00e3o, para que seja cumprido a Lei\r\n1.555/2015, Meta 21 (Desenvolver Programas de qualidade de Vida, preven\u00e7\u00e3o, atendimento \u00e1 sa\u00fade aos profissionais da educa\u00e7\u00e3o).","indexacao":"","observacao":"","resultado":"","texto_original":"http://sapl.primaveradoleste.mt.leg.br/media/sapl/public/materialegislativa/2019/747/indicacao_526_2019.pdf","data_ultima_atualizacao":"2020-03-10T09:13:14.847510-04:00","ip":"","ultima_edicao":null,"tipo":18,"regime_tramitacao":1,"tipo_origem_externa":null,"local_origem_externa":null,"user":null,"anexadas":[],"autores":[16]}