{"id":740,"__str__":"Indica\u00e7\u00e3o n\u00ba 518 de 2019","link_detail_backend":"/materia/740","metadata":{},"numero":518,"ano":2019,"numero_protocolo":552,"data_apresentacao":"2019-10-09","tipo_apresentacao":"","data_publicacao":null,"numero_origem_externa":"","ano_origem_externa":null,"data_origem_externa":null,"apelido":"","dias_prazo":null,"data_fim_prazo":null,"em_tramitacao":false,"polemica":null,"objeto":"","complementar":null,"ementa":"Com fundamentos nos dispositivos regimentais em vigor nesta casa de leis, requeiro a mesa, seja endere\u00e7ada correspond\u00eancia indicat\u00f3ria ao chefe do Executivo  Municipal, com c\u00f3pias a Secret\u00e1ria Municipal de Infraestrutura, e CMTU (Coordenadoria Municipal de Tr\u00e2nsito Urbano) mostrando aos mesmos, \"que seja pintado os quebra - molas de toda extens\u00e3o da Avenida dos Lagos\"","indexacao":"","observacao":"","resultado":"","texto_original":"http://sapl.primaveradoleste.mt.leg.br/media/sapl/public/materialegislativa/2019/740/indicacao_518_2019.pdf","data_ultima_atualizacao":"2020-03-10T09:14:15.963699-04:00","ip":"200.11.14.146","ultima_edicao":null,"tipo":18,"regime_tramitacao":1,"tipo_origem_externa":null,"local_origem_externa":null,"user":29,"anexadas":[],"autores":[10,14,15]}