{"id":720,"__str__":"Projeto de Lei Ordin\u00e1ria n\u00ba 996 de 2019","link_detail_backend":"/materia/720","metadata":{},"numero":996,"ano":2019,"numero_protocolo":538,"data_apresentacao":"2019-09-26","tipo_apresentacao":"","data_publicacao":null,"numero_origem_externa":"","ano_origem_externa":null,"data_origem_externa":null,"apelido":"","dias_prazo":null,"data_fim_prazo":null,"em_tramitacao":false,"polemica":null,"objeto":"","complementar":null,"ementa":"Disp\u00f5e sobre o uso de coleira, focinheira e guia curta em c\u00e3es em locais p\u00fablicos e de uso comum, e d\u00e1 outras provid\u00eancias.","indexacao":"","observacao":"","resultado":"","texto_original":"http://sapl.primaveradoleste.mt.leg.br/media/sapl/public/materialegislativa/2019/720/projeto_de_lei_996_2019.pdf","data_ultima_atualizacao":"2020-05-26T08:21:57.995973-04:00","ip":"200.11.14.146","ultima_edicao":null,"tipo":19,"regime_tramitacao":1,"tipo_origem_externa":null,"local_origem_externa":null,"user":1,"anexadas":[],"autores":[16]}