{"id":642,"__str__":"Indica\u00e7\u00e3o n\u00ba 463 de 2019","link_detail_backend":"/materia/642","metadata":{},"numero":463,"ano":2019,"numero_protocolo":468,"data_apresentacao":"2019-08-28","tipo_apresentacao":"","data_publicacao":null,"numero_origem_externa":"","ano_origem_externa":null,"data_origem_externa":null,"apelido":"","dias_prazo":null,"data_fim_prazo":null,"em_tramitacao":false,"polemica":null,"objeto":"","complementar":null,"ementa":"Com fundamento nos dispositivos regimentais em vigor nesta easa de leis,\r\nrequeiro a mesa, que seja endere\u00e7ada correspond\u00eancia indieat\u00f3ria ao chefe do\r\nExecutivo Municipal. Com c\u00f3pias; ao (CMTU) Coordenaria Municipal Transporte\r\nUrbano, e Secretaria de Infraestrutura mostrando aos mesmos, \"que sejam feito dois\r\nredatores de velocidade tipo quebra molas dos dois lados na Avenida das\r\nOrqu\u00eddeas entrada do Condom\u00ednio Pioneiro\".","indexacao":"","observacao":"","resultado":"","texto_original":"http://sapl.primaveradoleste.mt.leg.br/media/sapl/public/materialegislativa/2019/642/indicacao_463_2019.pdf","data_ultima_atualizacao":"2019-09-02T18:22:21.160506-04:00","ip":"200.11.14.146","ultima_edicao":null,"tipo":18,"regime_tramitacao":1,"tipo_origem_externa":null,"local_origem_externa":null,"user":29,"anexadas":[],"autores":[10]}