{"id":6271,"__str__":"Indica\u00e7\u00e3o n\u00ba 248 de 2026","link_detail_backend":"/materia/6271","metadata":{"signs":{"texto_original":{"admin":[],"autores":[["Gislaine Alves Yamashita",["2026-04-08T11:03:50-03:00","ICP-Brasil"]]]}}},"numero":248,"ano":2026,"numero_protocolo":248,"data_apresentacao":"2026-04-08","tipo_apresentacao":"","data_publicacao":null,"numero_origem_externa":"","ano_origem_externa":null,"data_origem_externa":null,"apelido":"","dias_prazo":null,"data_fim_prazo":null,"em_tramitacao":false,"polemica":false,"objeto":"","complementar":false,"ementa":"Promova a disponibiliza\u00e7\u00e3o de profissionais de fisioterapia para atendimento regular no Lar dos Idosos do munic\u00edpio.","indexacao":"","observacao":"","resultado":"","texto_original":"http://sapl.primaveradoleste.mt.leg.br/media/sapl/public/materialegislativa/2026/6271/ind._37_-_fisioterapeuta_no_lar_dos_idosos.pdf","data_ultima_atualizacao":"2026-04-13T12:07:24.118786-04:00","ip":"","ultima_edicao":null,"tipo":18,"regime_tramitacao":1,"tipo_origem_externa":null,"local_origem_externa":null,"user":null,"anexadas":[],"autores":[126]}