{"id":6195,"__str__":"Indica\u00e7\u00e3o n\u00ba 191 de 2026","link_detail_backend":"/materia/6195","metadata":{},"numero":191,"ano":2026,"numero_protocolo":191,"data_apresentacao":"2026-03-18","tipo_apresentacao":"","data_publicacao":null,"numero_origem_externa":"","ano_origem_externa":null,"data_origem_externa":null,"apelido":"","dias_prazo":null,"data_fim_prazo":null,"em_tramitacao":false,"polemica":false,"objeto":"","complementar":false,"ementa":"A realiza\u00e7\u00e3o de estudo de viabilidade t\u00e9cnica e administrativa para eventual implanta\u00e7\u00e3o e refor\u00e7o da sinaliza\u00e7\u00e3o vertical informativa \u201cATEN\u00c7\u00c3O -\r\n\u00c1REA ESCOLAR / REDUZA A VELOCIDADE\u201d, em frente \u00e0s escolas p\u00fablicas e privadas do Munic\u00edpio de Primavera do Leste \u2013 MT.","indexacao":"","observacao":"","resultado":"","texto_original":"http://sapl.primaveradoleste.mt.leg.br/media/sapl/public/materialegislativa/2026/6195/indicacao_placa_de_atencao.pdf","data_ultima_atualizacao":"2026-03-24T07:57:03.189932-04:00","ip":"","ultima_edicao":null,"tipo":18,"regime_tramitacao":1,"tipo_origem_externa":null,"local_origem_externa":null,"user":null,"anexadas":[],"autores":[125]}