{"id":6073,"__str__":"Emenda Aditiva n\u00ba 11954 de 2026","link_detail_backend":"/materia/6073","metadata":{},"numero":11954,"ano":2026,"numero_protocolo":null,"data_apresentacao":"2026-02-26","tipo_apresentacao":"E","data_publicacao":null,"numero_origem_externa":"","ano_origem_externa":null,"data_origem_externa":null,"apelido":"","dias_prazo":null,"data_fim_prazo":null,"em_tramitacao":true,"polemica":false,"objeto":"","complementar":false,"ementa":"Renumera o par\u00e1grafo \u00fanico como \u00a71\u00ba e acrescenta o \u00a72\u00ba ao art. 2\u00ba da Lei Municipal 1.856 de 13 de dezembro de 2019, do Munic\u00edpio de Primavera do\r\nLeste- MT, vedado a edi\u00e7\u00e3o de nova Mo\u00e7\u00e3o distinguindo ou homenageando pessoa, autoridade ou entidade sobre mat\u00e9ria j\u00e1 constantes nas al\u00edneas \"b\", \"e\" e \"g\" do referido artigo.","indexacao":"","observacao":"EMENDA ADITIVA 001/2026 - PLO 1954/2026","resultado":"","texto_original":"http://sapl.primaveradoleste.mt.leg.br/media/sapl/public/materialegislativa/2026/6073/ea.001.2026_-_plo.1954.2026.pdf","data_ultima_atualizacao":"2026-03-09T11:39:24.464103-04:00","ip":"200.11.14.134","ultima_edicao":"2026-03-06T11:10:03.852187-04:00","tipo":31,"regime_tramitacao":1,"tipo_origem_externa":null,"local_origem_externa":null,"user":65,"anexadas":[],"autores":[17]}