{"id":6067,"__str__":"Indica\u00e7\u00e3o n\u00ba 113 de 2026","link_detail_backend":"/materia/6067","metadata":{"signs":{"texto_original":{"admin":[],"autores":[["Gislaine Alves Yamashita",["2026-02-25T09:38:19-03:00","ICP-Brasil"]]]}}},"numero":113,"ano":2026,"numero_protocolo":113,"data_apresentacao":"2026-02-25","tipo_apresentacao":"","data_publicacao":null,"numero_origem_externa":"","ano_origem_externa":null,"data_origem_externa":null,"apelido":"","dias_prazo":null,"data_fim_prazo":null,"em_tramitacao":false,"polemica":false,"objeto":"","complementar":false,"ementa":"Firmar conv\u00eanio com o Instituto Amparar, com a finalidade de promover aulas beneficentes destinadas a crian\u00e7as do munic\u00edpio de Primavera do Leste, especialmente em situa\u00e7\u00e3o de vulnerabilidade social.","indexacao":"","observacao":"","resultado":"","texto_original":"http://sapl.primaveradoleste.mt.leg.br/media/sapl/public/materialegislativa/2026/6067/ind._16_-_conveio_com_instituto_amparar.pdf","data_ultima_atualizacao":"2026-03-04T09:03:53.438987-04:00","ip":"","ultima_edicao":null,"tipo":18,"regime_tramitacao":1,"tipo_origem_externa":null,"local_origem_externa":null,"user":null,"anexadas":[],"autores":[126]}