{"id":6002,"__str__":"Indica\u00e7\u00e3o n\u00ba 81 de 2026","link_detail_backend":"/materia/6002","metadata":{"signs":{"texto_original":{"admin":[],"autores":[["Gislaine Alves Yamashita",["2026-02-10T10:58:40-03:00","ICP-Brasil"]]]}}},"numero":81,"ano":2026,"numero_protocolo":81,"data_apresentacao":"2026-02-11","tipo_apresentacao":"","data_publicacao":null,"numero_origem_externa":"","ano_origem_externa":null,"data_origem_externa":null,"apelido":"","dias_prazo":null,"data_fim_prazo":null,"em_tramitacao":false,"polemica":false,"objeto":"","complementar":false,"ementa":"Adapta\u00e7\u00e3o dos parquinhos p\u00fablicos do munic\u00edpio para que\r\npassem a contar com brinquedos multissensoriais","indexacao":"","observacao":"","resultado":"","texto_original":"http://sapl.primaveradoleste.mt.leg.br/media/sapl/public/materialegislativa/2026/6002/ind._08_-_parquinhos_adaptados.pdf","data_ultima_atualizacao":"2026-02-13T13:40:39.933750-04:00","ip":"","ultima_edicao":null,"tipo":18,"regime_tramitacao":1,"tipo_origem_externa":null,"local_origem_externa":null,"user":null,"anexadas":[],"autores":[126]}