{"id":5924,"__str__":"Indica\u00e7\u00e3o n\u00ba 21 de 2026","link_detail_backend":"/materia/5924","metadata":{"signs":{"texto_original":{"admin":[],"autores":[["Karla Jackeline da Silva Souza",["2026-01-21T00:37:24-03:00","Gov-Br"]]]}}},"numero":21,"ano":2026,"numero_protocolo":21,"data_apresentacao":"2026-01-26","tipo_apresentacao":"","data_publicacao":null,"numero_origem_externa":"","ano_origem_externa":null,"data_origem_externa":null,"apelido":"","dias_prazo":null,"data_fim_prazo":null,"em_tramitacao":false,"polemica":false,"objeto":"","complementar":false,"ementa":"Indico \u00e0 Mesa Diretora, na forma regimental, que seja encaminhado of\u00edcio ao Excelent\u00edssimo Senhor\r\nPrefeito Municipal, bem como \u00e0 Secretaria Municipal de Sa\u00fade, sugerindo que sejam adotadas as\r\nprovid\u00eancias necess\u00e1rias para a redu\u00e7\u00e3o da jornada de trabalho dos Agentes Comunit\u00e1rios de Sa\u00fade\r\n(ACS) e dos Agentes de Combate a Endemias (ACE) para 30 (trinta) horas semanais, sem preju\u00edzo da\r\nremunera\u00e7\u00e3o.\r\nl","indexacao":"","observacao":"","resultado":"","texto_original":"http://sapl.primaveradoleste.mt.leg.br/media/sapl/public/materialegislativa/2026/5924/acs_e_ace_30_horas_assinado.pdf","data_ultima_atualizacao":"2026-02-06T07:37:08.772476-04:00","ip":"","ultima_edicao":null,"tipo":18,"regime_tramitacao":1,"tipo_origem_externa":null,"local_origem_externa":null,"user":null,"anexadas":[],"autores":[99]}