{"id":5923,"__str__":"Indica\u00e7\u00e3o n\u00ba 20 de 2026","link_detail_backend":"/materia/5923","metadata":{"signs":{"texto_original":{"admin":[],"autores":[["Gislaine Alves Yamashita",["2026-01-20T10:52:29-03:00","ICP-Brasil"]]]}}},"numero":20,"ano":2026,"numero_protocolo":20,"data_apresentacao":"2026-01-26","tipo_apresentacao":"","data_publicacao":null,"numero_origem_externa":"","ano_origem_externa":null,"data_origem_externa":null,"apelido":"","dias_prazo":null,"data_fim_prazo":null,"em_tramitacao":false,"polemica":false,"objeto":"","complementar":false,"ementa":"Implanta\u00e7\u00e3o de um espa\u00e7o infantil na recep\u00e7\u00e3o da Unidade de Pronto Atendimento (UPA), com sala espec\u00edfica destinada \u00e0s crian\u00e7as que estiverem aguardando atendimento e a cria\u00e7\u00e3o de uma \u00e1rea destinada \u00e0 pediatria, estruturada como uma ala infantil, com pinturas tem\u00e1ticas voltadas ao p\u00fablico infantil e disponibiliza\u00e7\u00e3o de brinquedos","indexacao":"","observacao":"","resultado":"","texto_original":"http://sapl.primaveradoleste.mt.leg.br/media/sapl/public/materialegislativa/2026/5923/ind._01_-_ala_infantil_upa.pdf","data_ultima_atualizacao":"2026-02-06T07:36:28.723018-04:00","ip":"","ultima_edicao":null,"tipo":18,"regime_tramitacao":1,"tipo_origem_externa":null,"local_origem_externa":null,"user":null,"anexadas":[],"autores":[126]}