{"id":5910,"__str__":"Indica\u00e7\u00e3o n\u00ba 7 de 2026","link_detail_backend":"/materia/5910","metadata":{},"numero":7,"ano":2026,"numero_protocolo":7,"data_apresentacao":"2026-01-23","tipo_apresentacao":"","data_publicacao":null,"numero_origem_externa":"","ano_origem_externa":null,"data_origem_externa":null,"apelido":"","dias_prazo":null,"data_fim_prazo":null,"em_tramitacao":false,"polemica":false,"objeto":"","complementar":false,"ementa":"Que seja realizada a instala\u00e7\u00e3o de placas informativas proibindo o tr\u00e2nsito e circula\u00e7\u00e3o de bicicletas em todas as pra\u00e7as p\u00fablicas do munic\u00edpio,\r\nespecialmente nas \u00e1reas de uso comum de pedestres, playgrounds e espa\u00e7os infantis.","indexacao":"","observacao":"","resultado":"","texto_original":"http://sapl.primaveradoleste.mt.leg.br/media/sapl/public/materialegislativa/2026/5910/indicacao_da_placa_de_proibicao_de_bicicleta_1.pdf","data_ultima_atualizacao":"2026-02-06T07:40:28.355017-04:00","ip":"","ultima_edicao":null,"tipo":18,"regime_tramitacao":1,"tipo_origem_externa":null,"local_origem_externa":null,"user":null,"anexadas":[],"autores":[125]}