{"id":5756,"__str__":"Indica\u00e7\u00e3o n\u00ba 1043 de 2025","link_detail_backend":"/materia/5756","metadata":{},"numero":1043,"ano":2025,"numero_protocolo":1048,"data_apresentacao":"2025-11-10","tipo_apresentacao":"","data_publicacao":null,"numero_origem_externa":"","ano_origem_externa":null,"data_origem_externa":null,"apelido":"","dias_prazo":null,"data_fim_prazo":null,"em_tramitacao":false,"polemica":false,"objeto":"","complementar":false,"ementa":"Cria\u00e7\u00e3o de um espa\u00e7o de acolhimento, escuta e troca entre pais e respons\u00e1veis de crian\u00e7as com transtornos do neurodesenvolvimento atendidas no Centro de Reabilita\u00e7\u00e3o.","indexacao":"","observacao":"","resultado":"","texto_original":"http://sapl.primaveradoleste.mt.leg.br/media/sapl/public/materialegislativa/2025/5756/indicacao_-_escaneada_-__espaco_neurodesenvolvimento_-_vereador_rafael_abreu.pdf","data_ultima_atualizacao":"2025-11-28T09:18:52.419069-04:00","ip":"","ultima_edicao":null,"tipo":18,"regime_tramitacao":1,"tipo_origem_externa":null,"local_origem_externa":null,"user":null,"anexadas":[],"autores":[104]}