{"id":5747,"__str__":"Indica\u00e7\u00e3o n\u00ba 1036 de 2025","link_detail_backend":"/materia/5747","metadata":{"signs":{"texto_original":{"admin":[],"autores":[["Lucas Telles dos Passos",["2025-11-06T12:15:21-03:00","Gov-Br"]]]}}},"numero":1036,"ano":2025,"numero_protocolo":1041,"data_apresentacao":"2025-11-07","tipo_apresentacao":"","data_publicacao":null,"numero_origem_externa":"","ano_origem_externa":null,"data_origem_externa":null,"apelido":"","dias_prazo":null,"data_fim_prazo":null,"em_tramitacao":false,"polemica":false,"objeto":"","complementar":false,"ementa":"Que seja realizada opera\u00e7\u00e3o emergencial de tapa-buracos na Avenida Luiza Rebeskini Riva, no Bairro Vertente das \u00c1guas,\r\nem raz\u00e3o das m\u00e1s condi\u00e7\u00f5es do pavimento, conforme registros fotogr\u00e1ficos anexos.","indexacao":"","observacao":"","resultado":"","texto_original":"http://sapl.primaveradoleste.mt.leg.br/media/sapl/public/materialegislativa/2025/5747/indicacao_tapa_buraco_na_av_rebeskini_riva_assinado.pdf","data_ultima_atualizacao":"2026-02-13T13:41:03.749422-04:00","ip":"","ultima_edicao":null,"tipo":18,"regime_tramitacao":1,"tipo_origem_externa":null,"local_origem_externa":null,"user":null,"anexadas":[],"autores":[125]}