{"id":5737,"__str__":"Indica\u00e7\u00e3o n\u00ba 1033 de 2025","link_detail_backend":"/materia/5737","metadata":{"signs":{"texto_original":{"admin":[],"autores":[["Joelio Rosa de Moraes",["2025-11-05T09:44:59-04:00","ICP-Brasil"]]]}}},"numero":1033,"ano":2025,"numero_protocolo":1038,"data_apresentacao":"2025-11-05","tipo_apresentacao":"","data_publicacao":null,"numero_origem_externa":"","ano_origem_externa":null,"data_origem_externa":null,"apelido":"","dias_prazo":null,"data_fim_prazo":null,"em_tramitacao":false,"polemica":false,"objeto":"","complementar":false,"ementa":"Sugerindo a cria\u00e7\u00e3o de um Projeto de Lei que institua o Programa de Melhorias do Sistema de Telecomunica\u00e7\u00e3o e Conectividade Rural de Primavera do Leste \u2013 \u201cPrimavera Conectado\u201d.","indexacao":"","observacao":"","resultado":"","texto_original":"http://sapl.primaveradoleste.mt.leg.br/media/sapl/public/materialegislativa/2025/5737/38_indicacao_sugerindo_a_criacao_de_um_projeto_de_lei_que_institua_o_programa_de_melhorias_do_sistema_de_telecomunicacao_e_conectividade_rural_de_primavera_do_leste_primavera_conectado.pdf","data_ultima_atualizacao":"2025-12-03T10:01:07.682939-04:00","ip":"","ultima_edicao":null,"tipo":18,"regime_tramitacao":1,"tipo_origem_externa":null,"local_origem_externa":null,"user":null,"anexadas":[],"autores":[124]}