{"id":5712,"__str__":"Indica\u00e7\u00e3o n\u00ba 1020 de 2025","link_detail_backend":"/materia/5712","metadata":{},"numero":1020,"ano":2025,"numero_protocolo":1025,"data_apresentacao":"2025-10-29","tipo_apresentacao":"","data_publicacao":null,"numero_origem_externa":"","ano_origem_externa":null,"data_origem_externa":null,"apelido":"","dias_prazo":null,"data_fim_prazo":null,"em_tramitacao":false,"polemica":false,"objeto":"","complementar":false,"ementa":"\u201cConsiderando a Indica\u00e7\u00e3o n\u00ba 127/2025, de autoria deste vereador, que solicita a elabora\u00e7\u00e3o de projeto de lei para viabilizar a permuta de lotes de reserva t\u00e9cnica entre as incorporadoras e o Munic\u00edpio, indico, neste ato, que o referido projeto seja institu\u00eddo sob a denomina\u00e7\u00e3o de 'Programa Municipal de Subs\u00eddios Financeiros para Habita\u00e7\u00e3o \u2013 Habita Mais Primavera'.\r\nOutrossim, proponho que o programa contemple crit\u00e9rios de prioriza\u00e7\u00e3o para concess\u00e3o dos benef\u00edcios habitacionais, a saber:\r\n\t\u2022\tPessoas com defici\u00eancia;\r\n\t\u2022\tIdosos;\r\n\t\u2022\tMulheres v\u00edtimas de viol\u00eancia dom\u00e9stica;\r\n\t\u2022\tServidores p\u00fablicos ativos e aposentados;\r\n\t\u2022\tTempo de resid\u00eancia no Munic\u00edpio de Primavera do Leste;\r\n\t\u2022\tMulheres chefes de fam\u00edlia monoparental;\r\n\t\u2022\tPessoas devidamente inscritas no Cadastro \u00danico para Programas Sociais \u2013 Cad\u00danico.\r\nPor fim, parafraseio as Indica\u00e7\u00f5es n\u00ba 066 e n\u00ba 116/2025, de autoria do Vereador Irm\u00e3o Rog\u00e9rio, que solicitam a cria\u00e7\u00e3o de programa habitacional voltado a servidores p\u00fablicos e aposentados, bem como o estudo de projeto habitacional vinculado ao Programa - Minha Casa, Minha Vida - faixa 1, de modo que a presente proposta se apresenta em sintonia e complementaridade \u00e0s referidas indica\u00e7\u00f5es\u201d.","indexacao":"","observacao":"","resultado":"","texto_original":"http://sapl.primaveradoleste.mt.leg.br/media/sapl/public/materialegislativa/2025/5712/indicacao_habita_mais_primavera_e_criterios_-_vereador_rafael_abreu.pdf","data_ultima_atualizacao":"2025-11-28T09:26:04.757465-04:00","ip":"","ultima_edicao":null,"tipo":18,"regime_tramitacao":1,"tipo_origem_externa":null,"local_origem_externa":null,"user":null,"anexadas":[],"autores":[104]}