{"id":5647,"__str__":"Indica\u00e7\u00e3o n\u00ba 987 de 2025","link_detail_backend":"/materia/5647","metadata":{},"numero":987,"ano":2025,"numero_protocolo":992,"data_apresentacao":"2025-10-20","tipo_apresentacao":"","data_publicacao":null,"numero_origem_externa":"","ano_origem_externa":null,"data_origem_externa":null,"apelido":"","dias_prazo":null,"data_fim_prazo":null,"em_tramitacao":false,"polemica":false,"objeto":"","complementar":false,"ementa":"Sugere ao Poder Executivo Municipal a cria\u00e7\u00e3o da Pol\u00edtica Municipal de Aten\u00e7\u00e3o \u00e0 Sa\u00fade Mental dos Servidores P\u00fablicos Efetivos de Primavera do Leste \u2013 MT.","indexacao":"","observacao":"","resultado":"","texto_original":"http://sapl.primaveradoleste.mt.leg.br/media/sapl/public/materialegislativa/2025/5647/indicacao_saude_mental_servidor.pdf","data_ultima_atualizacao":"2025-11-28T09:27:19.349999-04:00","ip":"","ultima_edicao":null,"tipo":18,"regime_tramitacao":1,"tipo_origem_externa":null,"local_origem_externa":null,"user":null,"anexadas":[],"autores":[121]}