{"id":5621,"__str__":"Indica\u00e7\u00e3o n\u00ba 977 de 2025","link_detail_backend":"/materia/5621","metadata":{},"numero":977,"ano":2025,"numero_protocolo":982,"data_apresentacao":"2025-10-16","tipo_apresentacao":"","data_publicacao":null,"numero_origem_externa":"","ano_origem_externa":null,"data_origem_externa":null,"apelido":"","dias_prazo":null,"data_fim_prazo":null,"em_tramitacao":false,"polemica":false,"objeto":"","complementar":false,"ementa":"Indico ao Excelent\u00edssimo Senhor Prefeito Municipal que, por meio da Secretaria Municipal de Sa\u00fade, em conjunto com a Secretaria Municipal de Administra\u00e7\u00e3o e Planejamento, estude a viabilidade de instituir, no \u00e2mbito da administra\u00e7\u00e3o p\u00fablica municipal, a jornada de trabalho de 30 (trinta) horas semanais para os profissionais de enfermagem \u2014 enfermeiros, t\u00e9cnicos e auxiliares \u2014 sem redu\u00e7\u00e3o salarial, conforme j\u00e1 adotado por diversos munic\u00edpios brasileiros.","indexacao":"","observacao":"","resultado":"","texto_original":"http://sapl.primaveradoleste.mt.leg.br/media/sapl/public/materialegislativa/2025/5621/30_horas_enfermagem_1.pdf","data_ultima_atualizacao":"2025-10-29T08:16:38.627838-04:00","ip":"","ultima_edicao":null,"tipo":18,"regime_tramitacao":1,"tipo_origem_externa":null,"local_origem_externa":null,"user":null,"anexadas":[],"autores":[46]}