{"id":5590,"__str__":"Indica\u00e7\u00e3o n\u00ba 957 de 2025","link_detail_backend":"/materia/5590","metadata":{"signs":{"texto_original":{"admin":[],"autores":[["Karla Jackeline da Silva Souza",["2025-10-09T12:33:14-03:00","Gov-Br"]]]}}},"numero":957,"ano":2025,"numero_protocolo":962,"data_apresentacao":"2025-10-10","tipo_apresentacao":"","data_publicacao":null,"numero_origem_externa":"","ano_origem_externa":null,"data_origem_externa":null,"apelido":"","dias_prazo":null,"data_fim_prazo":null,"em_tramitacao":false,"polemica":false,"objeto":"","complementar":false,"ementa":"Indico \u00e0 Mesa Diretora, que indique ao Excelent\u00edssimo Senhor Prefeito Municipal de Primavera do Leste \u2013 MT, para que determine \u00e0 Secretaria Municipal de Sa\u00fade a possibilidade de conceder plant\u00e3o dobrado aos servidores p\u00fablicos que estiverem de plant\u00e3o na Unidade de Pronto Atendimento (UPA) nos dias 24, 25 e 31 de dezembro e 1\u00ba de janeiro.","indexacao":"","observacao":"","resultado":"","texto_original":"http://sapl.primaveradoleste.mt.leg.br/media/sapl/public/materialegislativa/2025/5590/indicacao_plantoes_assinado.pdf","data_ultima_atualizacao":"2025-10-14T09:30:43.175978-04:00","ip":"","ultima_edicao":null,"tipo":18,"regime_tramitacao":1,"tipo_origem_externa":null,"local_origem_externa":null,"user":null,"anexadas":[],"autores":[99]}