{"id":5589,"__str__":"Indica\u00e7\u00e3o n\u00ba 956 de 2025","link_detail_backend":"/materia/5589","metadata":{"signs":{"texto_original":{"admin":[],"autores":[["Lucas Telles dos Passos",["2025-10-09T10:58:57-03:00","Gov-Br"]],["Marcondes Martignago",["2025-10-09T11:01:24-03:00","Gov-Br"]]]}}},"numero":956,"ano":2025,"numero_protocolo":961,"data_apresentacao":"2025-10-10","tipo_apresentacao":"","data_publicacao":null,"numero_origem_externa":"","ano_origem_externa":null,"data_origem_externa":null,"apelido":"","dias_prazo":null,"data_fim_prazo":null,"em_tramitacao":false,"polemica":false,"objeto":"","complementar":false,"ementa":"Que determine \u00e0 Secretaria competente a realiza\u00e7\u00e3o de revitaliza\u00e7\u00e3o r\u00e1pida ou prepara\u00e7\u00e3o do Cemit\u00e9rio Campo da Paz, tendo em vista a proximidade do Dia de Finados (02 de novembro).","indexacao":"","observacao":"","resultado":"","texto_original":"http://sapl.primaveradoleste.mt.leg.br/media/sapl/public/materialegislativa/2025/5589/indicacao_realizacao_de_revitalizacao_rapida_cemiterio_campo_da_paz_assinado_assinado.pdf","data_ultima_atualizacao":"2025-10-29T08:18:33.258690-04:00","ip":"","ultima_edicao":null,"tipo":18,"regime_tramitacao":1,"tipo_origem_externa":null,"local_origem_externa":null,"user":null,"anexadas":[],"autores":[129,125]}