{"id":5581,"__str__":"Indica\u00e7\u00e3o n\u00ba 953 de 2025","link_detail_backend":"/materia/5581","metadata":{"signs":{"texto_original":{"admin":[],"autores":[["Marcondes Martignago",["2025-10-09T10:47:00-03:00","Gov-Br"]]]}}},"numero":953,"ano":2025,"numero_protocolo":958,"data_apresentacao":"2025-10-09","tipo_apresentacao":"","data_publicacao":null,"numero_origem_externa":"","ano_origem_externa":null,"data_origem_externa":null,"apelido":"","dias_prazo":null,"data_fim_prazo":null,"em_tramitacao":false,"polemica":false,"objeto":"","complementar":false,"ementa":"indicando a constru\u00e7\u00e3o de Banheiros Masculino e Feminino e um Bebedouro, nas depend\u00eancias da Pra\u00e7a Osmar Bonaf\u00e9, localizada no tri\u00e2ngulo formado entre a Avenida Primavera, a Avenida Cascavel e a Rua Iju\u00ed, no Bairro Primavera II.","indexacao":"","observacao":"","resultado":"","texto_original":"http://sapl.primaveradoleste.mt.leg.br/media/sapl/public/materialegislativa/2025/5581/indica_a_construcao_de_banheiros_e_instalacao_de_bebedouro_na_praca_osmar_bonafe._assinado_1.pdf","data_ultima_atualizacao":"2025-10-29T08:20:16.104102-04:00","ip":"","ultima_edicao":null,"tipo":18,"regime_tramitacao":1,"tipo_origem_externa":null,"local_origem_externa":null,"user":null,"anexadas":[],"autores":[129]}