{"id":5575,"__str__":"Indica\u00e7\u00e3o n\u00ba 947 de 2025","link_detail_backend":"/materia/5575","metadata":{"signs":{"texto_original":{"admin":[],"autores":[["Marcondes Martignago",["2025-10-02T11:56:28-03:00","Gov-Br"]]]}}},"numero":947,"ano":2025,"numero_protocolo":952,"data_apresentacao":"2025-10-08","tipo_apresentacao":"","data_publicacao":null,"numero_origem_externa":"","ano_origem_externa":null,"data_origem_externa":null,"apelido":"","dias_prazo":null,"data_fim_prazo":null,"em_tramitacao":false,"polemica":false,"objeto":"","complementar":false,"ementa":"indicando aos mesmos, a an\u00e1lise e aprova\u00e7\u00e3o da presente Indica\u00e7\u00e3o, visando a constru\u00e7\u00e3o, implanta\u00e7\u00e3o e manuten\u00e7\u00e3o da Casa de Apoio ao \u00cdndio\r\nem nosso munic\u00edpio.","indexacao":"","observacao":"","resultado":"","texto_original":"http://sapl.primaveradoleste.mt.leg.br/media/sapl/public/materialegislativa/2025/5575/indica_a_construcao_e_implantacao_da_casa_de_apoio_ao_indio_em_nosso_municipio._assinado.pdf","data_ultima_atualizacao":"2025-12-03T10:03:23.253897-04:00","ip":"","ultima_edicao":null,"tipo":18,"regime_tramitacao":1,"tipo_origem_externa":null,"local_origem_externa":null,"user":null,"anexadas":[],"autores":[129]}