{"id":5529,"__str__":"Indica\u00e7\u00e3o n\u00ba 930 de 2025","link_detail_backend":"/materia/5529","metadata":{},"numero":930,"ano":2025,"numero_protocolo":935,"data_apresentacao":"2025-10-02","tipo_apresentacao":"","data_publicacao":null,"numero_origem_externa":"","ano_origem_externa":null,"data_origem_externa":null,"apelido":"","dias_prazo":null,"data_fim_prazo":null,"em_tramitacao":false,"polemica":false,"objeto":"","complementar":false,"ementa":"A necessidade de implanta\u00e7\u00e3o de placas indicativas e demarca\u00e7\u00e3o de \u00e1reas espec\u00edficas em parquinhos p\u00fablicos, com separa\u00e7\u00e3o et\u00e1ria dos brinquedos (0 a 1 ano e 2 a 8 anos), visando maior seguran\u00e7a, preserva\u00e7\u00e3o dos equipamentos e preven\u00e7\u00e3o de acidentes.","indexacao":"","observacao":"","resultado":"","texto_original":"http://sapl.primaveradoleste.mt.leg.br/media/sapl/public/materialegislativa/2025/5529/indicacao_de_placa_para_regulamentar_as_idades_nos_parquinhos.pdf","data_ultima_atualizacao":"2025-10-10T08:27:25.759820-04:00","ip":"","ultima_edicao":null,"tipo":18,"regime_tramitacao":1,"tipo_origem_externa":null,"local_origem_externa":null,"user":null,"anexadas":[],"autores":[125]}